{"id":855,"date":"2024-10-21T13:45:22","date_gmt":"2024-10-21T16:45:22","guid":{"rendered":"http:\/\/centroeducativoalem.com\/novedades\/?p=855"},"modified":"2024-10-21T13:50:36","modified_gmt":"2024-10-21T16:50:36","slug":"egresados-tres-alumnos-finalizaron-sus-estudios-del-bachiller-en-el-centro-educativo-alem","status":"publish","type":"post","link":"http:\/\/centroeducativoalem.com\/novedades\/egresados-tres-alumnos-finalizaron-sus-estudios-del-bachiller-en-el-centro-educativo-alem\/","title":{"rendered":"Egresados: Tres alumnos finalizaron sus estudios del Bachiller en el Centro Educativo Alem"},"content":{"rendered":"\t\t<div data-elementor-type=\"wp-post\" data-elementor-id=\"855\" class=\"elementor elementor-855\">\n\t\t\t\t\t\t\t\t\t<section class=\"elementor-section elementor-top-section elementor-element elementor-element-73f2d31 elementor-section-boxed elementor-section-height-default elementor-section-height-default\" data-id=\"73f2d31\" data-element_type=\"section\">\n\t\t\t\t\t\t<div class=\"elementor-container elementor-column-gap-default\">\n\t\t\t\t\t<div class=\"elementor-column elementor-col-100 elementor-top-column elementor-element elementor-element-02c38a8\" data-id=\"02c38a8\" data-element_type=\"column\">\n\t\t\t<div class=\"elementor-widget-wrap elementor-element-populated\">\n\t\t\t\t\t\t\t\t<div class=\"elementor-element elementor-element-954f0a1 elementor-drop-cap-yes elementor-drop-cap-view-default elementor-widget elementor-widget-text-editor\" data-id=\"954f0a1\" data-element_type=\"widget\" data-settings=\"{&quot;drop_cap&quot;:&quot;yes&quot;}\" data-widget_type=\"text-editor.default\">\n\t\t\t\t<div class=\"elementor-widget-container\">\n\t\t\t<style>\/*! elementor - v3.6.6 - 08-06-2022 *\/\n.elementor-widget-text-editor.elementor-drop-cap-view-stacked .elementor-drop-cap{background-color:#818a91;color:#fff}.elementor-widget-text-editor.elementor-drop-cap-view-framed .elementor-drop-cap{color:#818a91;border:3px solid;background-color:transparent}.elementor-widget-text-editor:not(.elementor-drop-cap-view-default) .elementor-drop-cap{margin-top:8px}.elementor-widget-text-editor:not(.elementor-drop-cap-view-default) .elementor-drop-cap-letter{width:1em;height:1em}.elementor-widget-text-editor .elementor-drop-cap{float:left;text-align:center;line-height:1;font-size:50px}.elementor-widget-text-editor .elementor-drop-cap-letter{display:inline-block}<\/style>\t\t\t\t<p>En una emotiva ceremonia, el <strong>Centro Educativo Alem<\/strong> <span style=\"text-decoration: underline;\">celebr\u00f3 la graduaci\u00f3n de tres estudiantes que han demostrado que con esfuerzo y dedicaci\u00f3n se pueden superar cualquier obst\u00e1culo<\/span>. <strong>Ricardo Dur\u00e1n, Johana Roa y Luc\u00eda Buena<\/strong> se despidieron de su etapa secundaria, <span style=\"text-decoration: underline;\">marcando un hito en sus vidas y el de sus familias.<\/span><\/p>\t\t\t\t\t\t<\/div>\n\t\t\t\t<\/div>\n\t\t\t\t<div class=\"elementor-element elementor-element-3dcf759 elementor-widget elementor-widget-image\" data-id=\"3dcf759\" data-element_type=\"widget\" data-widget_type=\"image.default\">\n\t\t\t\t<div class=\"elementor-widget-container\">\n\t\t\t<style>\/*! elementor - v3.6.6 - 08-06-2022 *\/\n.elementor-widget-image{text-align:center}.elementor-widget-image a{display:inline-block}.elementor-widget-image a img[src$=\".svg\"]{width:48px}.elementor-widget-image img{vertical-align:middle;display:inline-block}<\/style>\t\t\t\t\t\t\t\t\t<figure class=\"wp-caption\">\n\t\t\t\t\t\t\t\t\t\t<img decoding=\"async\" width=\"640\" height=\"427\" src=\"http:\/\/centroeducativoalem.com\/novedades\/wp-content\/uploads\/2024\/10\/DSC0015-768x512.jpg\" class=\"attachment-medium_large size-medium_large\" alt=\"\" loading=\"lazy\" srcset=\"http:\/\/centroeducativoalem.com\/novedades\/wp-content\/uploads\/2024\/10\/DSC0015-768x512.jpg 768w, http:\/\/centroeducativoalem.com\/novedades\/wp-content\/uploads\/2024\/10\/DSC0015-300x200.jpg 300w, http:\/\/centroeducativoalem.com\/novedades\/wp-content\/uploads\/2024\/10\/DSC0015-1024x683.jpg 1024w, http:\/\/centroeducativoalem.com\/novedades\/wp-content\/uploads\/2024\/10\/DSC0015-1536x1024.jpg 1536w, http:\/\/centroeducativoalem.com\/novedades\/wp-content\/uploads\/2024\/10\/DSC0015-2048x1365.jpg 2048w\" sizes=\"(max-width: 640px) 100vw, 640px\" \/>\t\t\t\t\t\t\t\t\t\t\t<figcaption class=\"widget-image-caption wp-caption-text\">\u00a1Felicitaciones, egresados!<\/figcaption>\n\t\t\t\t\t\t\t\t\t\t<\/figure>\n\t\t\t\t\t\t\t\t\t<\/div>\n\t\t\t\t<\/div>\n\t\t\t\t\t<\/div>\n\t\t<\/div>\n\t\t\t\t\t\t\t<\/div>\n\t\t<\/section>\n\t\t\t\t<section class=\"elementor-section elementor-top-section elementor-element elementor-element-f07e770 elementor-section-boxed elementor-section-height-default elementor-section-height-default\" data-id=\"f07e770\" data-element_type=\"section\">\n\t\t\t\t\t\t<div class=\"elementor-container elementor-column-gap-default\">\n\t\t\t\t\t<div class=\"elementor-column elementor-col-100 elementor-top-column elementor-element elementor-element-fe879b8\" data-id=\"fe879b8\" data-element_type=\"column\">\n\t\t\t<div class=\"elementor-widget-wrap elementor-element-populated\">\n\t\t\t\t\t\t\t\t<div class=\"elementor-element elementor-element-1fff242 elementor-widget elementor-widget-text-editor\" data-id=\"1fff242\" data-element_type=\"widget\" data-widget_type=\"text-editor.default\">\n\t\t\t\t<div class=\"elementor-widget-container\">\n\t\t\t\t\t\t\t<p>.<\/p><p>Este logro no solo representa la culminaci\u00f3n de sus estudios, sino tambi\u00e9n un <strong>testimonio del compromiso y la perseverancia que cada uno de ellos ha demostrado a lo largo de su trayecto educativo<\/strong>. En particular, <span style=\"text-decoration: underline;\"><strong>Johana y Luc\u00eda<\/strong>, ambas madres, han enfrentado desaf\u00edos adicionales al compaginar sus responsabilidades familiares con el estudio<\/span>. Su determinaci\u00f3n ha sido un ejemplo de que la educaci\u00f3n es una herramienta poderosa para transformar vidas.<\/p><p>Durante la ceremonia, los graduados expresaron su agradecimiento a los docentes y al personal del <strong>Centro Educativo Alem<\/strong>, quienes brindaron apoyo y motivaci\u00f3n en cada paso del camino. <em><span style=\"text-decoration: underline;\">\u201cEste no es un punto de llegada, sino de partida\u201d<\/span><\/em>, afirm\u00f3 <strong>Ricardo<\/strong>, haciendo hincapi\u00e9 en que su formaci\u00f3n no termina aqu\u00ed. <em>Los tres estudiantes coincidieron en que este logro es solo el comienzo de nuevas metas y aspiraciones.<\/em><\/p><p><strong>Johana<\/strong>, por su parte, comparti\u00f3 que su deseo de brindar un futuro mejor a su hija fue <span style=\"text-decoration: underline;\">el motor que la impuls\u00f3 a seguir adelante<\/span>, a pesar de las dificultades. <strong>Luc\u00eda<\/strong> a\u00f1adi\u00f3 que la educaci\u00f3n es fundamental no solo para ellas, sino tambi\u00e9n para los ni\u00f1os, quienes ahora <strong>pueden ver en sus madres un ejemplo a seguir<\/strong>.<\/p><p><span style=\"text-decoration: underline;\">El <strong>Centro Educativo Alem<\/strong> se enorgullece de formar j\u00f3venes que no solo buscan un t\u00edtulo, sino que tambi\u00e9n desean contribuir positivamente a la sociedad<\/span>. La comunidad educativa celebra este triunfo y se prepara para <span style=\"text-decoration: underline;\">seguir apoyando a sus egresados en su camino hacia nuevas oportunidades<\/span>.<\/p><p>Este evento no solo resalta el \u00e9xito individual de <strong>Ricardo, Johana y Julieta, sino que tambi\u00e9n subraya la importancia de la educaci\u00f3n como un pilar fundamental para el desarrollo personal<\/strong> y familiar. Con el futuro por delante, estos graduados est\u00e1n listos para enfrentar nuevos retos y alcanzar sus objetivos, inspirando a otros\u00a0en\u00a0el\u00a0proceso.<\/p>\t\t\t\t\t\t<\/div>\n\t\t\t\t<\/div>\n\t\t\t\t<div class=\"elementor-element elementor-element-00dffbc elementor-widget elementor-widget-text-editor\" data-id=\"00dffbc\" data-element_type=\"widget\" data-widget_type=\"text-editor.default\">\n\t\t\t\t<div class=\"elementor-widget-container\">\n\t\t\t\t\t\t\t\t\t\t\t\t\t<\/div>\n\t\t\t\t<\/div>\n\t\t\t\t\t<\/div>\n\t\t<\/div>\n\t\t\t\t\t\t\t<\/div>\n\t\t<\/section>\n\t\t\t\t<section class=\"elementor-section elementor-top-section elementor-element elementor-element-f200dcd elementor-section-boxed elementor-section-height-default elementor-section-height-default\" data-id=\"f200dcd\" data-element_type=\"section\">\n\t\t\t\t\t\t<div class=\"elementor-container elementor-column-gap-default\">\n\t\t\t\t\t<div class=\"elementor-column elementor-col-100 elementor-top-column elementor-element elementor-element-91982c6\" data-id=\"91982c6\" data-element_type=\"column\">\n\t\t\t<div class=\"elementor-widget-wrap elementor-element-populated\">\n\t\t\t\t\t\t\t\t<div class=\"elementor-element elementor-element-de64498 elementor-widget elementor-widget-image\" data-id=\"de64498\" data-element_type=\"widget\" data-widget_type=\"image.default\">\n\t\t\t\t<div class=\"elementor-widget-container\">\n\t\t\t\t\t\t\t\t\t\t\t\t<figure class=\"wp-caption\">\n\t\t\t\t\t\t\t\t\t\t<img decoding=\"async\" width=\"640\" height=\"427\" src=\"http:\/\/centroeducativoalem.com\/novedades\/wp-content\/uploads\/2024\/10\/DSC0009-768x512.jpg\" class=\"attachment-medium_large size-medium_large\" alt=\"\" loading=\"lazy\" srcset=\"http:\/\/centroeducativoalem.com\/novedades\/wp-content\/uploads\/2024\/10\/DSC0009-768x512.jpg 768w, http:\/\/centroeducativoalem.com\/novedades\/wp-content\/uploads\/2024\/10\/DSC0009-300x200.jpg 300w, http:\/\/centroeducativoalem.com\/novedades\/wp-content\/uploads\/2024\/10\/DSC0009-1024x683.jpg 1024w, http:\/\/centroeducativoalem.com\/novedades\/wp-content\/uploads\/2024\/10\/DSC0009-1536x1024.jpg 1536w, http:\/\/centroeducativoalem.com\/novedades\/wp-content\/uploads\/2024\/10\/DSC0009-2048x1365.jpg 2048w\" sizes=\"(max-width: 640px) 100vw, 640px\" \/>\t\t\t\t\t\t\t\t\t\t\t<figcaption class=\"widget-image-caption wp-caption-text\">La familia. Uno de los motores m\u00e1s importantes en la educaci\u00f3n.<\/figcaption>\n\t\t\t\t\t\t\t\t\t\t<\/figure>\n\t\t\t\t\t\t\t\t\t<\/div>\n\t\t\t\t<\/div>\n\t\t\t\t\t<\/div>\n\t\t<\/div>\n\t\t\t\t\t\t\t<\/div>\n\t\t<\/section>\n\t\t\t\t<section class=\"elementor-section elementor-top-section elementor-element elementor-element-fa3a8cd elementor-section-boxed elementor-section-height-default elementor-section-height-default\" data-id=\"fa3a8cd\" data-element_type=\"section\">\n\t\t\t\t\t\t<div class=\"elementor-container elementor-column-gap-default\">\n\t\t\t\t\t<div class=\"elementor-column elementor-col-100 elementor-top-column elementor-element elementor-element-cf15d15\" data-id=\"cf15d15\" data-element_type=\"column\">\n\t\t\t<div class=\"elementor-widget-wrap elementor-element-populated\">\n\t\t\t\t\t\t\t\t<div class=\"elementor-element elementor-element-2a9ca63 elementor-widget elementor-widget-text-editor\" data-id=\"2a9ca63\" data-element_type=\"widget\" data-widget_type=\"text-editor.default\">\n\t\t\t\t<div class=\"elementor-widget-container\">\n\t\t\t\t\t\t\t\t\t\t\t\t\t<\/div>\n\t\t\t\t<\/div>\n\t\t\t\t<div class=\"elementor-element elementor-element-8afe8a6 elementor-widget__width-initial elementor-widget elementor-widget-image\" data-id=\"8afe8a6\" data-element_type=\"widget\" data-widget_type=\"image.default\">\n\t\t\t\t<div class=\"elementor-widget-container\">\n\t\t\t\t\t\t\t\t\t\t\t\t\t\t\t\t<a href=\"http:\/\/www.centroeducativoalem.com\/novedades\">\n\t\t\t\t\t\t\t<img decoding=\"async\" width=\"512\" height=\"512\" src=\"http:\/\/centroeducativoalem.com\/novedades\/wp-content\/uploads\/2021\/11\/flecha.png\" class=\"attachment-full size-full\" alt=\"\" loading=\"lazy\" srcset=\"http:\/\/centroeducativoalem.com\/novedades\/wp-content\/uploads\/2021\/11\/flecha.png 512w, http:\/\/centroeducativoalem.com\/novedades\/wp-content\/uploads\/2021\/11\/flecha-300x300.png 300w, http:\/\/centroeducativoalem.com\/novedades\/wp-content\/uploads\/2021\/11\/flecha-150x150.png 150w\" sizes=\"(max-width: 512px) 100vw, 512px\" \/>\t\t\t\t\t\t\t\t<\/a>\n\t\t\t\t\t\t\t\t\t\t\t\t\t\t\t<\/div>\n\t\t\t\t<\/div>\n\t\t\t\t<div class=\"elementor-element elementor-element-afae770 elementor-widget elementor-widget-heading\" data-id=\"afae770\" data-element_type=\"widget\" data-widget_type=\"heading.default\">\n\t\t\t\t<div class=\"elementor-widget-container\">\n\t\t\t<style>\/*! elementor - v3.6.6 - 08-06-2022 *\/\n.elementor-heading-title{padding:0;margin:0;line-height:1}.elementor-widget-heading .elementor-heading-title[class*=elementor-size-]>a{color:inherit;font-size:inherit;line-height:inherit}.elementor-widget-heading .elementor-heading-title.elementor-size-small{font-size:15px}.elementor-widget-heading .elementor-heading-title.elementor-size-medium{font-size:19px}.elementor-widget-heading .elementor-heading-title.elementor-size-large{font-size:29px}.elementor-widget-heading .elementor-heading-title.elementor-size-xl{font-size:39px}.elementor-widget-heading .elementor-heading-title.elementor-size-xxl{font-size:59px}<\/style><div class=\"elementor-heading-title elementor-size-default\"><a href=\"http:\/\/www.centroeducativoalem.com\/novedades\">Volver<\/a><\/div>\t\t<\/div>\n\t\t\t\t<\/div>\n\t\t\t\t\t<\/div>\n\t\t<\/div>\n\t\t\t\t\t\t\t<\/div>\n\t\t<\/section>\n\t\t\t\t<section class=\"elementor-section elementor-top-section elementor-element elementor-element-0a8db3d elementor-section-boxed elementor-section-height-default elementor-section-height-default\" data-id=\"0a8db3d\" data-element_type=\"section\">\n\t\t\t\t\t\t<div class=\"elementor-container elementor-column-gap-default\">\n\t\t\t\t\t<div class=\"elementor-column elementor-col-100 elementor-top-column elementor-element elementor-element-0dbe56e\" data-id=\"0dbe56e\" data-element_type=\"column\">\n\t\t\t<div class=\"elementor-widget-wrap elementor-element-populated\">\n\t\t\t\t\t\t\t\t<div class=\"elementor-element elementor-element-be3eb57 elementor-widget-divider--view-line elementor-widget elementor-widget-divider\" data-id=\"be3eb57\" data-element_type=\"widget\" data-widget_type=\"divider.default\">\n\t\t\t\t<div class=\"elementor-widget-container\">\n\t\t\t<style>\/*! elementor - v3.6.6 - 08-06-2022 *\/\n.elementor-widget-divider{--divider-border-style:none;--divider-border-width:1px;--divider-color:#2c2c2c;--divider-icon-size:20px;--divider-element-spacing:10px;--divider-pattern-height:24px;--divider-pattern-size:20px;--divider-pattern-url:none;--divider-pattern-repeat:repeat-x}.elementor-widget-divider .elementor-divider{display:-webkit-box;display:-ms-flexbox;display:flex}.elementor-widget-divider .elementor-divider__text{font-size:15px;line-height:1;max-width:95%}.elementor-widget-divider .elementor-divider__element{margin:0 var(--divider-element-spacing);-ms-flex-negative:0;flex-shrink:0}.elementor-widget-divider .elementor-icon{font-size:var(--divider-icon-size)}.elementor-widget-divider .elementor-divider-separator{display:-webkit-box;display:-ms-flexbox;display:flex;margin:0;direction:ltr}.elementor-widget-divider--view-line_icon .elementor-divider-separator,.elementor-widget-divider--view-line_text .elementor-divider-separator{-webkit-box-align:center;-ms-flex-align:center;align-items:center}.elementor-widget-divider--view-line_icon .elementor-divider-separator:after,.elementor-widget-divider--view-line_icon .elementor-divider-separator:before,.elementor-widget-divider--view-line_text .elementor-divider-separator:after,.elementor-widget-divider--view-line_text .elementor-divider-separator:before{display:block;content:\"\";border-bottom:0;-webkit-box-flex:1;-ms-flex-positive:1;flex-grow:1;border-top:var(--divider-border-width) var(--divider-border-style) var(--divider-color)}.elementor-widget-divider--element-align-left .elementor-divider .elementor-divider-separator>.elementor-divider__svg:first-of-type{-webkit-box-flex:0;-ms-flex-positive:0;flex-grow:0;-ms-flex-negative:100;flex-shrink:100}.elementor-widget-divider--element-align-left .elementor-divider-separator:before{content:none}.elementor-widget-divider--element-align-left .elementor-divider__element{margin-left:0}.elementor-widget-divider--element-align-right .elementor-divider .elementor-divider-separator>.elementor-divider__svg:last-of-type{-webkit-box-flex:0;-ms-flex-positive:0;flex-grow:0;-ms-flex-negative:100;flex-shrink:100}.elementor-widget-divider--element-align-right .elementor-divider-separator:after{content:none}.elementor-widget-divider--element-align-right .elementor-divider__element{margin-right:0}.elementor-widget-divider:not(.elementor-widget-divider--view-line_text):not(.elementor-widget-divider--view-line_icon) .elementor-divider-separator{border-top:var(--divider-border-width) var(--divider-border-style) var(--divider-color)}.elementor-widget-divider--separator-type-pattern{--divider-border-style:none}.elementor-widget-divider--separator-type-pattern.elementor-widget-divider--view-line .elementor-divider-separator,.elementor-widget-divider--separator-type-pattern:not(.elementor-widget-divider--view-line) .elementor-divider-separator:after,.elementor-widget-divider--separator-type-pattern:not(.elementor-widget-divider--view-line) .elementor-divider-separator:before,.elementor-widget-divider--separator-type-pattern:not([class*=elementor-widget-divider--view]) .elementor-divider-separator{width:100%;min-height:var(--divider-pattern-height);-webkit-mask-size:var(--divider-pattern-size) 100%;mask-size:var(--divider-pattern-size) 100%;-webkit-mask-repeat:var(--divider-pattern-repeat);mask-repeat:var(--divider-pattern-repeat);background-color:var(--divider-color);-webkit-mask-image:var(--divider-pattern-url);mask-image:var(--divider-pattern-url)}.elementor-widget-divider--no-spacing{--divider-pattern-size:auto}.elementor-widget-divider--bg-round{--divider-pattern-repeat:round}.rtl .elementor-widget-divider .elementor-divider__text{direction:rtl}<\/style>\t\t<div class=\"elementor-divider\">\n\t\t\t<span class=\"elementor-divider-separator\">\n\t\t\t\t\t\t<\/span>\n\t\t<\/div>\n\t\t\t\t<\/div>\n\t\t\t\t<\/div>\n\t\t\t\t\t<\/div>\n\t\t<\/div>\n\t\t\t\t\t\t\t<\/div>\n\t\t<\/section>\n\t\t\t\t<section class=\"elementor-section elementor-top-section elementor-element elementor-element-463d7de elementor-section-boxed elementor-section-height-default elementor-section-height-default\" data-id=\"463d7de\" data-element_type=\"section\">\n\t\t\t\t\t\t<div class=\"elementor-container elementor-column-gap-default\">\n\t\t\t\t\t<div class=\"elementor-column elementor-col-100 elementor-top-column elementor-element elementor-element-65a12d3\" data-id=\"65a12d3\" data-element_type=\"column\">\n\t\t\t<div class=\"elementor-widget-wrap elementor-element-populated\">\n\t\t\t\t\t\t\t\t<div class=\"elementor-element elementor-element-8e2d3b5 elementor-widget elementor-widget-text-editor\" data-id=\"8e2d3b5\" data-element_type=\"widget\" data-widget_type=\"text-editor.default\">\n\t\t\t\t<div class=\"elementor-widget-container\">\n\t\t\t\t\t\t\t<p><strong><span style=\"text-decoration: underline;\"><em>Si sos alumno, egresado o parte del Centro Educativo Alem y tenes una historia para contar comunicate a germanzavala96@gmail.com <\/em><\/span><\/strong><\/p><p><strong><span style=\"text-decoration: underline;\"><em>\u00a1Te estamos buscando!<\/em><\/span><\/strong><\/p>\t\t\t\t\t\t<\/div>\n\t\t\t\t<\/div>\n\t\t\t\t\t<\/div>\n\t\t<\/div>\n\t\t\t\t\t\t\t<\/div>\n\t\t<\/section>\n\t\t\t\t<section class=\"elementor-section elementor-top-section elementor-element elementor-element-07a1b1b elementor-section-boxed elementor-section-height-default elementor-section-height-default\" data-id=\"07a1b1b\" data-element_type=\"section\">\n\t\t\t\t\t\t<div class=\"elementor-container elementor-column-gap-default\">\n\t\t\t\t\t<div class=\"elementor-column elementor-col-100 elementor-top-column elementor-element elementor-element-b66f6d9\" data-id=\"b66f6d9\" data-element_type=\"column\">\n\t\t\t<div class=\"elementor-widget-wrap\">\n\t\t\t\t\t\t\t\t\t<\/div>\n\t\t<\/div>\n\t\t\t\t\t\t\t<\/div>\n\t\t<\/section>\n\t\t\t\t\t\t\t<\/div>\n\t\t","protected":false},"excerpt":{"rendered":"<p>La felicidad de alcanzar un objetivo, despu\u00e9s de tanto esfuerzo, es uno de los m\u00e1s meritorias felicidades. Dar\u00edo Romero termin\u00f3 su formaci\u00f3n en Electricidad Domiciliaria, su situaci\u00f3n laboral mejor\u00f3 un cien por ciento y comparte su optimismo: &#8220;Pase una experiencia fabulos&#8221;<\/p>\n","protected":false},"author":3,"featured_media":708,"comment_status":"open","ping_status":"open","sticky":false,"template":"","format":"standard","meta":[],"categories":[1],"tags":[4],"_links":{"self":[{"href":"http:\/\/centroeducativoalem.com\/novedades\/wp-json\/wp\/v2\/posts\/855"}],"collection":[{"href":"http:\/\/centroeducativoalem.com\/novedades\/wp-json\/wp\/v2\/posts"}],"about":[{"href":"http:\/\/centroeducativoalem.com\/novedades\/wp-json\/wp\/v2\/types\/post"}],"author":[{"embeddable":true,"href":"http:\/\/centroeducativoalem.com\/novedades\/wp-json\/wp\/v2\/users\/3"}],"replies":[{"embeddable":true,"href":"http:\/\/centroeducativoalem.com\/novedades\/wp-json\/wp\/v2\/comments?post=855"}],"version-history":[{"count":3,"href":"http:\/\/centroeducativoalem.com\/novedades\/wp-json\/wp\/v2\/posts\/855\/revisions"}],"predecessor-version":[{"id":860,"href":"http:\/\/centroeducativoalem.com\/novedades\/wp-json\/wp\/v2\/posts\/855\/revisions\/860"}],"wp:featuredmedia":[{"embeddable":true,"href":"http:\/\/centroeducativoalem.com\/novedades\/wp-json\/wp\/v2\/media\/708"}],"wp:attachment":[{"href":"http:\/\/centroeducativoalem.com\/novedades\/wp-json\/wp\/v2\/media?parent=855"}],"wp:term":[{"taxonomy":"category","embeddable":true,"href":"http:\/\/centroeducativoalem.com\/novedades\/wp-json\/wp\/v2\/categories?post=855"},{"taxonomy":"post_tag","embeddable":true,"href":"http:\/\/centroeducativoalem.com\/novedades\/wp-json\/wp\/v2\/tags?post=855"}],"curies":[{"name":"wp","href":"https:\/\/api.w.org\/{rel}","templated":true}]}}