{"id":733,"date":"2023-07-07T15:29:00","date_gmt":"2023-07-07T18:29:00","guid":{"rendered":"http:\/\/centroeducativoalem.com\/novedades\/?p=733"},"modified":"2023-07-07T15:43:52","modified_gmt":"2023-07-07T18:43:52","slug":"egresados-melanie-lescano-y-sus-dificultades-atravesadas-para-finalizar-el-secundario-con-tdah","status":"publish","type":"post","link":"http:\/\/centroeducativoalem.com\/novedades\/egresados-melanie-lescano-y-sus-dificultades-atravesadas-para-finalizar-el-secundario-con-tdah\/","title":{"rendered":"Egresados: Melanie Lescano y sus dificultades atravesadas para finalizar el secundario con TDAH"},"content":{"rendered":"\t\t<div data-elementor-type=\"wp-post\" data-elementor-id=\"733\" class=\"elementor elementor-733\">\n\t\t\t\t\t\t\t\t\t<section class=\"elementor-section elementor-top-section elementor-element elementor-element-73f2d31 elementor-section-boxed elementor-section-height-default elementor-section-height-default\" data-id=\"73f2d31\" data-element_type=\"section\">\n\t\t\t\t\t\t<div class=\"elementor-container elementor-column-gap-default\">\n\t\t\t\t\t<div class=\"elementor-column elementor-col-100 elementor-top-column elementor-element elementor-element-02c38a8\" data-id=\"02c38a8\" data-element_type=\"column\">\n\t\t\t<div class=\"elementor-widget-wrap elementor-element-populated\">\n\t\t\t\t\t\t\t\t<div class=\"elementor-element elementor-element-954f0a1 elementor-drop-cap-yes elementor-drop-cap-view-default elementor-widget elementor-widget-text-editor\" data-id=\"954f0a1\" data-element_type=\"widget\" data-settings=\"{&quot;drop_cap&quot;:&quot;yes&quot;}\" data-widget_type=\"text-editor.default\">\n\t\t\t\t<div class=\"elementor-widget-container\">\n\t\t\t<style>\/*! elementor - v3.6.6 - 08-06-2022 *\/\n.elementor-widget-text-editor.elementor-drop-cap-view-stacked .elementor-drop-cap{background-color:#818a91;color:#fff}.elementor-widget-text-editor.elementor-drop-cap-view-framed .elementor-drop-cap{color:#818a91;border:3px solid;background-color:transparent}.elementor-widget-text-editor:not(.elementor-drop-cap-view-default) .elementor-drop-cap{margin-top:8px}.elementor-widget-text-editor:not(.elementor-drop-cap-view-default) .elementor-drop-cap-letter{width:1em;height:1em}.elementor-widget-text-editor .elementor-drop-cap{float:left;text-align:center;line-height:1;font-size:50px}.elementor-widget-text-editor .elementor-drop-cap-letter{display:inline-block}<\/style>\t\t\t\t<p>Y<strong><em>a tenes 18 a\u00f1os, \u00bfqu\u00e9 quer\u00e9s hacer?<\/em>&#8220;<\/strong>. Este maldito interrogante daba vueltas en la cabeza de <strong>Melanie Lescano<\/strong>. Pero <span style=\"text-decoration: underline;\">el mensaje, lejos de contar con una intenci\u00f3n emp\u00e1tica de un familiar que apoya a un ser querido ante una decisi\u00f3n dif\u00edcil, causaba un gran dolor por la mirada peyorativa que inclu\u00eda<\/span>, al punto de dejar huellas mentales, para sembrar otros malditos interrogantes. Hoy, con 23 y diagnosticada de <strong>TDAH<\/strong>, Melanie cumpli\u00f3 su objetivo en el <strong>Centro Educativo Alem<\/strong>, de terminar la <strong>formaci\u00f3n secundaria<\/strong>. \u201c<em>No se pon\u00edan en el lado humano, es horrible<\/em>\u201d, cont\u00f3.<\/p>\t\t\t\t\t\t<\/div>\n\t\t\t\t<\/div>\n\t\t\t\t<div class=\"elementor-element elementor-element-3dcf759 elementor-widget elementor-widget-image\" data-id=\"3dcf759\" data-element_type=\"widget\" data-widget_type=\"image.default\">\n\t\t\t\t<div class=\"elementor-widget-container\">\n\t\t\t<style>\/*! elementor - v3.6.6 - 08-06-2022 *\/\n.elementor-widget-image{text-align:center}.elementor-widget-image a{display:inline-block}.elementor-widget-image a img[src$=\".svg\"]{width:48px}.elementor-widget-image img{vertical-align:middle;display:inline-block}<\/style>\t\t\t\t\t\t\t\t\t<figure class=\"wp-caption\">\n\t\t\t\t\t\t\t\t\t\t<img decoding=\"async\" width=\"640\" height=\"1132\" src=\"http:\/\/centroeducativoalem.com\/novedades\/wp-content\/uploads\/2023\/07\/lescano-768x1358.jpg\" class=\"attachment-medium_large size-medium_large\" alt=\"\" loading=\"lazy\" srcset=\"http:\/\/centroeducativoalem.com\/novedades\/wp-content\/uploads\/2023\/07\/lescano-768x1358.jpg 768w, http:\/\/centroeducativoalem.com\/novedades\/wp-content\/uploads\/2023\/07\/lescano-170x300.jpg 170w, http:\/\/centroeducativoalem.com\/novedades\/wp-content\/uploads\/2023\/07\/lescano-579x1024.jpg 579w, http:\/\/centroeducativoalem.com\/novedades\/wp-content\/uploads\/2023\/07\/lescano-869x1536.jpg 869w, http:\/\/centroeducativoalem.com\/novedades\/wp-content\/uploads\/2023\/07\/lescano-1158x2048.jpg 1158w, http:\/\/centroeducativoalem.com\/novedades\/wp-content\/uploads\/2023\/07\/lescano-scaled.jpg 1448w\" sizes=\"(max-width: 640px) 100vw, 640px\" \/>\t\t\t\t\t\t\t\t\t\t\t<figcaption class=\"widget-image-caption wp-caption-text\">Melanie recibi\u00f3 el s\u00e1bado su anal\u00edtico y un mensaje de felicitaciones del Centro Educativo Alem.<\/figcaption>\n\t\t\t\t\t\t\t\t\t\t<\/figure>\n\t\t\t\t\t\t\t\t\t<\/div>\n\t\t\t\t<\/div>\n\t\t\t\t\t<\/div>\n\t\t<\/div>\n\t\t\t\t\t\t\t<\/div>\n\t\t<\/section>\n\t\t\t\t<section class=\"elementor-section elementor-top-section elementor-element elementor-element-f07e770 elementor-section-boxed elementor-section-height-default elementor-section-height-default\" data-id=\"f07e770\" data-element_type=\"section\">\n\t\t\t\t\t\t<div class=\"elementor-container elementor-column-gap-default\">\n\t\t\t\t\t<div class=\"elementor-column elementor-col-100 elementor-top-column elementor-element elementor-element-fe879b8\" data-id=\"fe879b8\" data-element_type=\"column\">\n\t\t\t<div class=\"elementor-widget-wrap elementor-element-populated\">\n\t\t\t\t\t\t\t\t<div class=\"elementor-element elementor-element-1fff242 elementor-widget elementor-widget-text-editor\" data-id=\"1fff242\" data-element_type=\"widget\" data-widget_type=\"text-editor.default\">\n\t\t\t\t<div class=\"elementor-widget-container\">\n\t\t\t\t\t\t\t<p>.<\/p><p>La alegr\u00eda y emoci\u00f3n con la que <strong>Melany<\/strong> retir\u00f3 su certificado y fue parte de la ceremonia organizada por las autoridades del <strong>CEA<\/strong> expresaban m\u00e1s que la satisfacci\u00f3n de una meta cumplida. Tambi\u00e9n, <span style=\"text-decoration: underline;\">significaba dejar atr\u00e1s el mar de dudas que de manera malintencionada le hicieron plantear aspectos elementales de su vida<\/span>.<\/p><p>El <strong>TDAH<\/strong> es el <strong>trastorno por d\u00e9ficit de atenci\u00f3n con hiperactividad<\/strong>, <span style=\"text-decoration: underline;\">caracterizado por la dificultad de prestar atenci\u00f3n, con limitaciones en la comprensi\u00f3n y otras veces con hiperactividad en sus est\u00edmulos<\/span>. Lastimosamente, con los avances en materia de ciencia y educaci\u00f3n, estos casos son cada vez m\u00e1s habituales entre los j\u00f3venes.<\/p><p><em>\u201cYo le dec\u00eda a los profesores que me costaba y ellos me dec\u00edan que no me interesaba, que no quer\u00eda hacerlo. Que ven\u00eda por obligaci\u00f3n de mis papas, minimizando mis problemas. <span style=\"text-decoration: underline;\">&#8216;Ya tenes 18 a\u00f1os, qu\u00e9 quer\u00e9s?\u2019, me dec\u00edan. No se pon\u00edan en el lado humano. Es horrible<\/span><\/em>\u201d, se\u00f1al\u00f3 la protagonista de una historia maravillosa, que no pudo evitar tener su cap\u00edtulo cruel.<\/p><p>Sumado a esto, agreg\u00f3 las dificultades propias de su cotidianeidad: <em>\u201cTengo momentos de hiperfoco, en los que me siento, resumo, y entiendo todo perfectamente. <span style=\"text-decoration: underline;\">Y otros, en los que puedo leer un d\u00eda entero una sola p\u00e1gina y no me queda una palabra<\/span>. Es dif\u00edcil. Yo por ejemplo no puedo estudiar con computadora, estoy acostumbrado a la hoja y lapicera. <strong>Incluso por todo esto me sent\u00ed discriminada<\/strong>, pero por suerte mi familia siempre fue de acompa\u00f1arme. Cuando decid\u00ed dejar en su momento el secundario, <strong>mi familia no lo vio como un fracaso, sino como un tropiezo<\/strong>. Pero siempre me dec\u00edan que iba a conseguir un lugar para poder terminarlo<\/em>\u201d.<\/p><p>Ante este escenario, los interrogantes internos florec\u00edan: <em>\u201cUno se empieza a cuestionar sus capacidades. <strong>\u00bfSer\u00e9 yo la que no de la talla?<\/strong> A mi a los 18 me diagnosticaron <strong>TDAH<\/strong> y me daban m\u00e9todos de estudio que quiz\u00e1s no eran tan compatibles con la secundaria tradicional. <span style=\"text-decoration: underline;\">A m\u00ed me cost\u00f3 mucho, muchas veces iba a estudiar,\u00a0pero mi mente no estaba ah\u00ed<\/span>. Despu\u00e9s dej\u00e9 de querer intentarlo, porque dec\u00eda que por m\u00e1s que lo intent\u00e9\u00a0no lo iba a conseguir<\/em>\u201d.<\/p>\t\t\t\t\t\t<\/div>\n\t\t\t\t<\/div>\n\t\t\t\t<div class=\"elementor-element elementor-element-00dffbc elementor-widget elementor-widget-text-editor\" data-id=\"00dffbc\" data-element_type=\"widget\" data-widget_type=\"text-editor.default\">\n\t\t\t\t<div class=\"elementor-widget-container\">\n\t\t\t\t\t\t\t\t\t\t\t\t\t<\/div>\n\t\t\t\t<\/div>\n\t\t\t\t\t<\/div>\n\t\t<\/div>\n\t\t\t\t\t\t\t<\/div>\n\t\t<\/section>\n\t\t\t\t<section class=\"elementor-section elementor-top-section elementor-element elementor-element-f200dcd elementor-section-boxed elementor-section-height-default elementor-section-height-default\" data-id=\"f200dcd\" data-element_type=\"section\">\n\t\t\t\t\t\t<div class=\"elementor-container elementor-column-gap-default\">\n\t\t\t\t\t<div class=\"elementor-column elementor-col-100 elementor-top-column elementor-element elementor-element-91982c6\" data-id=\"91982c6\" data-element_type=\"column\">\n\t\t\t<div class=\"elementor-widget-wrap elementor-element-populated\">\n\t\t\t\t\t\t\t\t<div class=\"elementor-element elementor-element-de64498 elementor-widget elementor-widget-image\" data-id=\"de64498\" data-element_type=\"widget\" data-widget_type=\"image.default\">\n\t\t\t\t<div class=\"elementor-widget-container\">\n\t\t\t\t\t\t\t\t\t\t\t\t<figure class=\"wp-caption\">\n\t\t\t\t\t\t\t\t\t\t<img decoding=\"async\" width=\"640\" height=\"504\" src=\"http:\/\/centroeducativoalem.com\/novedades\/wp-content\/uploads\/2023\/07\/DSC0008-768x605.jpg\" class=\"attachment-medium_large size-medium_large\" alt=\"\" loading=\"lazy\" srcset=\"http:\/\/centroeducativoalem.com\/novedades\/wp-content\/uploads\/2023\/07\/DSC0008-768x605.jpg 768w, http:\/\/centroeducativoalem.com\/novedades\/wp-content\/uploads\/2023\/07\/DSC0008-300x236.jpg 300w, http:\/\/centroeducativoalem.com\/novedades\/wp-content\/uploads\/2023\/07\/DSC0008-1024x807.jpg 1024w, http:\/\/centroeducativoalem.com\/novedades\/wp-content\/uploads\/2023\/07\/DSC0008-1536x1210.jpg 1536w, http:\/\/centroeducativoalem.com\/novedades\/wp-content\/uploads\/2023\/07\/DSC0008-2048x1614.jpg 2048w\" sizes=\"(max-width: 640px) 100vw, 640px\" \/>\t\t\t\t\t\t\t\t\t\t\t<figcaption class=\"widget-image-caption wp-caption-text\">A modo de celebraci\u00f3n, el CEA organiz\u00f3 un agasajo para las alumnas egresadas.<\/figcaption>\n\t\t\t\t\t\t\t\t\t\t<\/figure>\n\t\t\t\t\t\t\t\t\t<\/div>\n\t\t\t\t<\/div>\n\t\t\t\t\t<\/div>\n\t\t<\/div>\n\t\t\t\t\t\t\t<\/div>\n\t\t<\/section>\n\t\t\t\t<section class=\"elementor-section elementor-top-section elementor-element elementor-element-fa3a8cd elementor-section-boxed elementor-section-height-default elementor-section-height-default\" data-id=\"fa3a8cd\" data-element_type=\"section\">\n\t\t\t\t\t\t<div class=\"elementor-container elementor-column-gap-default\">\n\t\t\t\t\t<div class=\"elementor-column elementor-col-100 elementor-top-column elementor-element elementor-element-cf15d15\" data-id=\"cf15d15\" data-element_type=\"column\">\n\t\t\t<div class=\"elementor-widget-wrap elementor-element-populated\">\n\t\t\t\t\t\t\t\t<div class=\"elementor-element elementor-element-2a9ca63 elementor-widget elementor-widget-text-editor\" data-id=\"2a9ca63\" data-element_type=\"widget\" data-widget_type=\"text-editor.default\">\n\t\t\t\t<div class=\"elementor-widget-container\">\n\t\t\t\t\t\t\t<p>Sin embargo, <strong>a veces la cuesti\u00f3n es dar en la tecla<\/strong>. Con docentes, compa\u00f1eros y situaciones que potencien nuestras virtudes, en lugar de resaltar los defectos. \u201c<em>Decid\u00ed volver a intentarlo<\/em>\u201d. Y la clave estaba ah\u00ed.\u00a0\u201c<em>A los 22 me decid\u00ed en volver a intentarlo, pero no como algo necesario, sino como algo m\u00edo, que yo lo quer\u00eda tener. <span style=\"text-decoration: underline;\">Me inscrib\u00ed, tarde mucho, pero en ning\u00fan momento me dieron la espalda ac\u00e1 en el <strong>CEA<\/strong><\/span>. Me mandaban mensajes con informaci\u00f3n de las mesas, que s\u00ed ten\u00eda alguna duda que la consulte, llamaban para ver si necesitaba algo. <strong>Es otro inter\u00e9s. Eso te da la pauta de que no todos son iguales. A algunos les interesa que se reciban, que es lo m\u00e1s importante<\/strong>\u201d<\/em>.<\/p><p>Sumado a esto, <strong>Melany<\/strong> agradeci\u00f3: \u201c<em>Yo pas\u00e9 mucho tiempo hasta que me anim\u00e9 a volver a hacer el secundario por muchas trabas educativas. <strong>O no consegu\u00eda un buen lugar o suspend\u00edan las clases constantemente<\/strong>. <span style=\"text-decoration: underline;\">Hab\u00eda muchas piedras en el camino que no me dejaban seguir mi camino.<\/span> Pero ac\u00e1 me atrajo mucho la oferta educativa. Era buena, accesible e interesante lo que ofrec\u00edan. Me decid\u00ed a inscribirme y arranqu\u00e9 con una al mes<\/em>\u201d.<\/p><p>\u201c<em><strong>Yo ten\u00eda la capacidad, hab\u00eda que ponerla en pr\u00e1ctica<\/strong><\/em>\u201d, se despidi\u00f3 <strong>Melanie<\/strong>, que ahora con su t\u00edtulo del bachiller y el anal\u00edtico con las notas gan\u00f3 oportunidades laborales. Pero sobre todo, <strong>venci\u00f3 prejuicios y se demostr\u00f3 a s\u00ed misma que las etiquetas que quieran poner los dem\u00e1s: \u00a1No es problema de <\/strong><b>uno!<\/b><\/p>\t\t\t\t\t\t<\/div>\n\t\t\t\t<\/div>\n\t\t\t\t<div class=\"elementor-element elementor-element-8afe8a6 elementor-widget__width-initial elementor-widget elementor-widget-image\" data-id=\"8afe8a6\" data-element_type=\"widget\" data-widget_type=\"image.default\">\n\t\t\t\t<div class=\"elementor-widget-container\">\n\t\t\t\t\t\t\t\t\t\t\t\t\t\t\t\t<a href=\"http:\/\/www.centroeducativoalem.com\/novedades\">\n\t\t\t\t\t\t\t<img decoding=\"async\" width=\"512\" height=\"512\" src=\"http:\/\/centroeducativoalem.com\/novedades\/wp-content\/uploads\/2021\/11\/flecha.png\" class=\"attachment-full size-full\" alt=\"\" loading=\"lazy\" srcset=\"http:\/\/centroeducativoalem.com\/novedades\/wp-content\/uploads\/2021\/11\/flecha.png 512w, http:\/\/centroeducativoalem.com\/novedades\/wp-content\/uploads\/2021\/11\/flecha-300x300.png 300w, http:\/\/centroeducativoalem.com\/novedades\/wp-content\/uploads\/2021\/11\/flecha-150x150.png 150w\" sizes=\"(max-width: 512px) 100vw, 512px\" \/>\t\t\t\t\t\t\t\t<\/a>\n\t\t\t\t\t\t\t\t\t\t\t\t\t\t\t<\/div>\n\t\t\t\t<\/div>\n\t\t\t\t<div class=\"elementor-element elementor-element-afae770 elementor-widget elementor-widget-heading\" data-id=\"afae770\" data-element_type=\"widget\" data-widget_type=\"heading.default\">\n\t\t\t\t<div class=\"elementor-widget-container\">\n\t\t\t<style>\/*! elementor - v3.6.6 - 08-06-2022 *\/\n.elementor-heading-title{padding:0;margin:0;line-height:1}.elementor-widget-heading .elementor-heading-title[class*=elementor-size-]>a{color:inherit;font-size:inherit;line-height:inherit}.elementor-widget-heading .elementor-heading-title.elementor-size-small{font-size:15px}.elementor-widget-heading .elementor-heading-title.elementor-size-medium{font-size:19px}.elementor-widget-heading .elementor-heading-title.elementor-size-large{font-size:29px}.elementor-widget-heading .elementor-heading-title.elementor-size-xl{font-size:39px}.elementor-widget-heading .elementor-heading-title.elementor-size-xxl{font-size:59px}<\/style><div class=\"elementor-heading-title elementor-size-default\"><a href=\"http:\/\/www.centroeducativoalem.com\/novedades\">Volver<\/a><\/div>\t\t<\/div>\n\t\t\t\t<\/div>\n\t\t\t\t\t<\/div>\n\t\t<\/div>\n\t\t\t\t\t\t\t<\/div>\n\t\t<\/section>\n\t\t\t\t<section class=\"elementor-section elementor-top-section elementor-element elementor-element-0a8db3d elementor-section-boxed elementor-section-height-default elementor-section-height-default\" data-id=\"0a8db3d\" data-element_type=\"section\">\n\t\t\t\t\t\t<div class=\"elementor-container elementor-column-gap-default\">\n\t\t\t\t\t<div class=\"elementor-column elementor-col-100 elementor-top-column elementor-element elementor-element-0dbe56e\" data-id=\"0dbe56e\" data-element_type=\"column\">\n\t\t\t<div class=\"elementor-widget-wrap elementor-element-populated\">\n\t\t\t\t\t\t\t\t<div class=\"elementor-element elementor-element-be3eb57 elementor-widget-divider--view-line elementor-widget elementor-widget-divider\" data-id=\"be3eb57\" data-element_type=\"widget\" data-widget_type=\"divider.default\">\n\t\t\t\t<div class=\"elementor-widget-container\">\n\t\t\t<style>\/*! elementor - v3.6.6 - 08-06-2022 *\/\n.elementor-widget-divider{--divider-border-style:none;--divider-border-width:1px;--divider-color:#2c2c2c;--divider-icon-size:20px;--divider-element-spacing:10px;--divider-pattern-height:24px;--divider-pattern-size:20px;--divider-pattern-url:none;--divider-pattern-repeat:repeat-x}.elementor-widget-divider .elementor-divider{display:-webkit-box;display:-ms-flexbox;display:flex}.elementor-widget-divider .elementor-divider__text{font-size:15px;line-height:1;max-width:95%}.elementor-widget-divider .elementor-divider__element{margin:0 var(--divider-element-spacing);-ms-flex-negative:0;flex-shrink:0}.elementor-widget-divider .elementor-icon{font-size:var(--divider-icon-size)}.elementor-widget-divider .elementor-divider-separator{display:-webkit-box;display:-ms-flexbox;display:flex;margin:0;direction:ltr}.elementor-widget-divider--view-line_icon .elementor-divider-separator,.elementor-widget-divider--view-line_text .elementor-divider-separator{-webkit-box-align:center;-ms-flex-align:center;align-items:center}.elementor-widget-divider--view-line_icon .elementor-divider-separator:after,.elementor-widget-divider--view-line_icon .elementor-divider-separator:before,.elementor-widget-divider--view-line_text .elementor-divider-separator:after,.elementor-widget-divider--view-line_text .elementor-divider-separator:before{display:block;content:\"\";border-bottom:0;-webkit-box-flex:1;-ms-flex-positive:1;flex-grow:1;border-top:var(--divider-border-width) var(--divider-border-style) var(--divider-color)}.elementor-widget-divider--element-align-left .elementor-divider .elementor-divider-separator>.elementor-divider__svg:first-of-type{-webkit-box-flex:0;-ms-flex-positive:0;flex-grow:0;-ms-flex-negative:100;flex-shrink:100}.elementor-widget-divider--element-align-left .elementor-divider-separator:before{content:none}.elementor-widget-divider--element-align-left .elementor-divider__element{margin-left:0}.elementor-widget-divider--element-align-right .elementor-divider .elementor-divider-separator>.elementor-divider__svg:last-of-type{-webkit-box-flex:0;-ms-flex-positive:0;flex-grow:0;-ms-flex-negative:100;flex-shrink:100}.elementor-widget-divider--element-align-right .elementor-divider-separator:after{content:none}.elementor-widget-divider--element-align-right .elementor-divider__element{margin-right:0}.elementor-widget-divider:not(.elementor-widget-divider--view-line_text):not(.elementor-widget-divider--view-line_icon) .elementor-divider-separator{border-top:var(--divider-border-width) var(--divider-border-style) var(--divider-color)}.elementor-widget-divider--separator-type-pattern{--divider-border-style:none}.elementor-widget-divider--separator-type-pattern.elementor-widget-divider--view-line .elementor-divider-separator,.elementor-widget-divider--separator-type-pattern:not(.elementor-widget-divider--view-line) .elementor-divider-separator:after,.elementor-widget-divider--separator-type-pattern:not(.elementor-widget-divider--view-line) .elementor-divider-separator:before,.elementor-widget-divider--separator-type-pattern:not([class*=elementor-widget-divider--view]) .elementor-divider-separator{width:100%;min-height:var(--divider-pattern-height);-webkit-mask-size:var(--divider-pattern-size) 100%;mask-size:var(--divider-pattern-size) 100%;-webkit-mask-repeat:var(--divider-pattern-repeat);mask-repeat:var(--divider-pattern-repeat);background-color:var(--divider-color);-webkit-mask-image:var(--divider-pattern-url);mask-image:var(--divider-pattern-url)}.elementor-widget-divider--no-spacing{--divider-pattern-size:auto}.elementor-widget-divider--bg-round{--divider-pattern-repeat:round}.rtl .elementor-widget-divider .elementor-divider__text{direction:rtl}<\/style>\t\t<div class=\"elementor-divider\">\n\t\t\t<span class=\"elementor-divider-separator\">\n\t\t\t\t\t\t<\/span>\n\t\t<\/div>\n\t\t\t\t<\/div>\n\t\t\t\t<\/div>\n\t\t\t\t\t<\/div>\n\t\t<\/div>\n\t\t\t\t\t\t\t<\/div>\n\t\t<\/section>\n\t\t\t\t<section class=\"elementor-section elementor-top-section elementor-element elementor-element-463d7de elementor-section-boxed elementor-section-height-default elementor-section-height-default\" data-id=\"463d7de\" data-element_type=\"section\">\n\t\t\t\t\t\t<div class=\"elementor-container elementor-column-gap-default\">\n\t\t\t\t\t<div class=\"elementor-column elementor-col-100 elementor-top-column elementor-element elementor-element-65a12d3\" data-id=\"65a12d3\" data-element_type=\"column\">\n\t\t\t<div class=\"elementor-widget-wrap elementor-element-populated\">\n\t\t\t\t\t\t\t\t<div class=\"elementor-element elementor-element-8e2d3b5 elementor-widget elementor-widget-text-editor\" data-id=\"8e2d3b5\" data-element_type=\"widget\" data-widget_type=\"text-editor.default\">\n\t\t\t\t<div class=\"elementor-widget-container\">\n\t\t\t\t\t\t\t<p><strong><span style=\"text-decoration: underline;\"><em>Si sos alumno, egresado o parte del Centro Educativo Alem y tenes una historia para contar comunicate a germanzavala96@gmail.com <\/em><\/span><\/strong><\/p><p><strong><span style=\"text-decoration: underline;\"><em>\u00a1Te estamos buscando!<\/em><\/span><\/strong><\/p>\t\t\t\t\t\t<\/div>\n\t\t\t\t<\/div>\n\t\t\t\t\t<\/div>\n\t\t<\/div>\n\t\t\t\t\t\t\t<\/div>\n\t\t<\/section>\n\t\t\t\t<section class=\"elementor-section elementor-top-section elementor-element elementor-element-07a1b1b elementor-section-boxed elementor-section-height-default elementor-section-height-default\" data-id=\"07a1b1b\" data-element_type=\"section\">\n\t\t\t\t\t\t<div class=\"elementor-container elementor-column-gap-default\">\n\t\t\t\t\t<div class=\"elementor-column elementor-col-100 elementor-top-column elementor-element elementor-element-b66f6d9\" data-id=\"b66f6d9\" data-element_type=\"column\">\n\t\t\t<div class=\"elementor-widget-wrap\">\n\t\t\t\t\t\t\t\t\t<\/div>\n\t\t<\/div>\n\t\t\t\t\t\t\t<\/div>\n\t\t<\/section>\n\t\t\t\t\t\t\t<\/div>\n\t\t","protected":false},"excerpt":{"rendered":"<p>Melanie Lescano tuvo que aguantar comentarios malintencionados de profesores que no comprenden el verdadero camino de la docencia. Luego de quitarse las piedras de encima y con la dificultad agregada de su diagn\u00f3stico de TDAH, la protagonista concluy\u00f3 sus estudios secundarios en el Centro Educativo Alem.<\/p>\n","protected":false},"author":3,"featured_media":735,"comment_status":"open","ping_status":"open","sticky":true,"template":"","format":"standard","meta":[],"categories":[1],"tags":[4],"_links":{"self":[{"href":"http:\/\/centroeducativoalem.com\/novedades\/wp-json\/wp\/v2\/posts\/733"}],"collection":[{"href":"http:\/\/centroeducativoalem.com\/novedades\/wp-json\/wp\/v2\/posts"}],"about":[{"href":"http:\/\/centroeducativoalem.com\/novedades\/wp-json\/wp\/v2\/types\/post"}],"author":[{"embeddable":true,"href":"http:\/\/centroeducativoalem.com\/novedades\/wp-json\/wp\/v2\/users\/3"}],"replies":[{"embeddable":true,"href":"http:\/\/centroeducativoalem.com\/novedades\/wp-json\/wp\/v2\/comments?post=733"}],"version-history":[{"count":5,"href":"http:\/\/centroeducativoalem.com\/novedades\/wp-json\/wp\/v2\/posts\/733\/revisions"}],"predecessor-version":[{"id":740,"href":"http:\/\/centroeducativoalem.com\/novedades\/wp-json\/wp\/v2\/posts\/733\/revisions\/740"}],"wp:featuredmedia":[{"embeddable":true,"href":"http:\/\/centroeducativoalem.com\/novedades\/wp-json\/wp\/v2\/media\/735"}],"wp:attachment":[{"href":"http:\/\/centroeducativoalem.com\/novedades\/wp-json\/wp\/v2\/media?parent=733"}],"wp:term":[{"taxonomy":"category","embeddable":true,"href":"http:\/\/centroeducativoalem.com\/novedades\/wp-json\/wp\/v2\/categories?post=733"},{"taxonomy":"post_tag","embeddable":true,"href":"http:\/\/centroeducativoalem.com\/novedades\/wp-json\/wp\/v2\/tags?post=733"}],"curies":[{"name":"wp","href":"https:\/\/api.w.org\/{rel}","templated":true}]}}