{"id":723,"date":"2023-06-30T15:47:59","date_gmt":"2023-06-30T18:47:59","guid":{"rendered":"http:\/\/centroeducativoalem.com\/novedades\/?p=723"},"modified":"2023-07-03T12:03:22","modified_gmt":"2023-07-03T15:03:22","slug":"egresados-tamara-terrazas-la-alumna-graduada-y-docente-de-extraccion-que-no-para-de-crecer","status":"publish","type":"post","link":"http:\/\/centroeducativoalem.com\/novedades\/egresados-tamara-terrazas-la-alumna-graduada-y-docente-de-extraccion-que-no-para-de-crecer\/","title":{"rendered":"Egresados: Tamara Terrazas, la alumna graduada y docente de Extracci\u00f3n que no para de crecer"},"content":{"rendered":"\t\t<div data-elementor-type=\"wp-post\" data-elementor-id=\"723\" class=\"elementor elementor-723\">\n\t\t\t\t\t\t\t\t\t<section class=\"elementor-section elementor-top-section elementor-element elementor-element-73f2d31 elementor-section-boxed elementor-section-height-default elementor-section-height-default\" data-id=\"73f2d31\" data-element_type=\"section\">\n\t\t\t\t\t\t<div class=\"elementor-container elementor-column-gap-default\">\n\t\t\t\t\t<div class=\"elementor-column elementor-col-100 elementor-top-column elementor-element elementor-element-02c38a8\" data-id=\"02c38a8\" data-element_type=\"column\">\n\t\t\t<div class=\"elementor-widget-wrap elementor-element-populated\">\n\t\t\t\t\t\t\t\t<div class=\"elementor-element elementor-element-954f0a1 elementor-drop-cap-yes elementor-drop-cap-view-default elementor-widget elementor-widget-text-editor\" data-id=\"954f0a1\" data-element_type=\"widget\" data-settings=\"{&quot;drop_cap&quot;:&quot;yes&quot;}\" data-widget_type=\"text-editor.default\">\n\t\t\t\t<div class=\"elementor-widget-container\">\n\t\t\t<style>\/*! elementor - v3.6.6 - 08-06-2022 *\/\n.elementor-widget-text-editor.elementor-drop-cap-view-stacked .elementor-drop-cap{background-color:#818a91;color:#fff}.elementor-widget-text-editor.elementor-drop-cap-view-framed .elementor-drop-cap{color:#818a91;border:3px solid;background-color:transparent}.elementor-widget-text-editor:not(.elementor-drop-cap-view-default) .elementor-drop-cap{margin-top:8px}.elementor-widget-text-editor:not(.elementor-drop-cap-view-default) .elementor-drop-cap-letter{width:1em;height:1em}.elementor-widget-text-editor .elementor-drop-cap{float:left;text-align:center;line-height:1;font-size:50px}.elementor-widget-text-editor .elementor-drop-cap-letter{display:inline-block}<\/style>\t\t\t\t<p>Si bien la <strong>Pandemia<\/strong> signific\u00f3 un <span style=\"text-decoration: underline;\">duro golpe social y econ\u00f3mico<\/span> para todos, algunos tambi\u00e9n optaron por considerarlo como una oportunidad de crecimiento. Este \u00faltimo es el caso de <strong>Tamara Terrazas<\/strong>, alumna del <strong>Centro Educativo Alem<\/strong> graduada en <strong>Extraccionista<\/strong>, que hoy puede desempe\u00f1arse en un est\u00e9tica que utiliza el <strong>plasma<\/strong> como principal elemento, mientras que <span style=\"text-decoration: underline;\">por sus conocimientos y valores, se sum\u00f3 al grupo docente en las \u00faltimas semanas<\/span>.<\/p>\t\t\t\t\t\t<\/div>\n\t\t\t\t<\/div>\n\t\t\t\t<div class=\"elementor-element elementor-element-3dcf759 elementor-widget elementor-widget-image\" data-id=\"3dcf759\" data-element_type=\"widget\" data-widget_type=\"image.default\">\n\t\t\t\t<div class=\"elementor-widget-container\">\n\t\t\t<style>\/*! elementor - v3.6.6 - 08-06-2022 *\/\n.elementor-widget-image{text-align:center}.elementor-widget-image a{display:inline-block}.elementor-widget-image a img[src$=\".svg\"]{width:48px}.elementor-widget-image img{vertical-align:middle;display:inline-block}<\/style>\t\t\t\t\t\t\t\t\t<figure class=\"wp-caption\">\n\t\t\t\t\t\t\t\t\t\t<img decoding=\"async\" width=\"640\" height=\"1138\" src=\"http:\/\/centroeducativoalem.com\/novedades\/wp-content\/uploads\/2023\/06\/WhatsApp-Image-2023-06-30-at-15.02.58.jpeg\" class=\"attachment-medium_large size-medium_large\" alt=\"\" loading=\"lazy\" srcset=\"http:\/\/centroeducativoalem.com\/novedades\/wp-content\/uploads\/2023\/06\/WhatsApp-Image-2023-06-30-at-15.02.58.jpeg 720w, http:\/\/centroeducativoalem.com\/novedades\/wp-content\/uploads\/2023\/06\/WhatsApp-Image-2023-06-30-at-15.02.58-169x300.jpeg 169w, http:\/\/centroeducativoalem.com\/novedades\/wp-content\/uploads\/2023\/06\/WhatsApp-Image-2023-06-30-at-15.02.58-576x1024.jpeg 576w\" sizes=\"(max-width: 640px) 100vw, 640px\" \/>\t\t\t\t\t\t\t\t\t\t\t<figcaption class=\"widget-image-caption wp-caption-text\">Tamara mantiene una excelente relaci\u00f3n con sus clientes, en el Centro de Est\u00e9tica.<\/figcaption>\n\t\t\t\t\t\t\t\t\t\t<\/figure>\n\t\t\t\t\t\t\t\t\t<\/div>\n\t\t\t\t<\/div>\n\t\t\t\t\t<\/div>\n\t\t<\/div>\n\t\t\t\t\t\t\t<\/div>\n\t\t<\/section>\n\t\t\t\t<section class=\"elementor-section elementor-top-section elementor-element elementor-element-f07e770 elementor-section-boxed elementor-section-height-default elementor-section-height-default\" data-id=\"f07e770\" data-element_type=\"section\">\n\t\t\t\t\t\t<div class=\"elementor-container elementor-column-gap-default\">\n\t\t\t\t\t<div class=\"elementor-column elementor-col-100 elementor-top-column elementor-element elementor-element-fe879b8\" data-id=\"fe879b8\" data-element_type=\"column\">\n\t\t\t<div class=\"elementor-widget-wrap elementor-element-populated\">\n\t\t\t\t\t\t\t\t<div class=\"elementor-element elementor-element-1fff242 elementor-widget elementor-widget-text-editor\" data-id=\"1fff242\" data-element_type=\"widget\" data-widget_type=\"text-editor.default\">\n\t\t\t\t<div class=\"elementor-widget-container\">\n\t\t\t\t\t\t\t<p>.<\/p><p>\u201c<em>Hace rato ten\u00eda eso en mente, siempre me gust\u00f3 lo que es la <strong>rama de laboratorio y enfermer\u00eda<\/strong>. La verdad es que la salud me llam\u00f3 la atenci\u00f3n desde chica, pero <span style=\"text-decoration: underline;\">antes no lo pude hacer por motivos personales, pero se me dio la oportunidad y recib\u00ed mucho apoyo de mi familia. As\u00ed que me anim\u00e9, lo hice y por suerte puedo decir que fue la mejor decisi\u00f3n que tom\u00e9<\/span><\/em>\u201d, relat\u00f3 la protagonista, que desde el <strong>2020<\/strong> en adelante vivi\u00f3 muchos momentos de <span style=\"text-decoration: underline;\">superaci\u00f3n personal<\/span>.<\/p><p>Tamara se cruz\u00f3 en el camino del <strong>CEA<\/strong> durante la <span style=\"text-decoration: underline;\">incertidumbre generada por un contexto que imposibilidad planificar a futuro<\/span>. Sin embargo, ella <strong>tom\u00f3 la decisi\u00f3n de escuchar a su coraz\u00f3n<\/strong> y seguir su pasi\u00f3n de ni\u00f1a, por lo que se embarc\u00f3 en la decisi\u00f3n de iniciar la capacitaci\u00f3n de <strong>Extracci\u00f3n con Conocimientos B\u00e1sicos de Laboratorio<\/strong>.<\/p><p>Desde entonces, <span style=\"text-decoration: underline;\">la formaci\u00f3n virtual le abri\u00f3 puertas para recorrer su camino<\/span>. Primero con ex\u00e1menes aprobados, luego con los ejercicios pr\u00e1cticos en las instalaciones del <strong>Centro Educativo<\/strong> y finalmente con su certificado, que <span style=\"text-decoration: underline;\">le permiti\u00f3 introducirse al mercado laboral, cuando a\u00fan todo parec\u00eda dif\u00edcil de comprender<\/span>.<\/p><p>&#8220;<em>Cuando yo estudi\u00e9 fue en Pandemia, pero por suerte El profesor Leandro fue un genio. Para m\u00ed <strong>no fue lo mismo que hacerla presencial, pero me ayud\u00f3 un mont\u00f3n<\/strong>. Respecto a las pr\u00e1cticas s\u00ed fueron presenciales y estuve muy conforme. Me ense\u00f1aron y ayudaron un mont\u00f3n. Incluso sobre las innovaciones me informaron un mont\u00f3n<\/em>\u201d, cont\u00f3 <strong>Tamara<\/strong>, que tambi\u00e9n agreg\u00f3: &#8220;<em>Respecto a mis compa\u00f1eros, los conoc\u00ed con las pr\u00e1cticas y la realidad es que qued\u00e9 muy conforme y contenta porque <span style=\"text-decoration: underline;\">se arm\u00f3 un grupo hermoso<\/span>. Hoy incluso, <strong>siendo profesora del instituto<\/strong>, pude convocar algunos compa\u00f1eros para comentarles que estaban necesitando m\u00e1s docentes<\/em>\u201d.<\/p><p>Asimismo, nos cont\u00f3 sobre su nuevo trabajo, en un <strong>centro de Est\u00e9tica<\/strong>, que utilizan el <strong>plasma<\/strong> como <span style=\"text-decoration: underline;\">principal elemento<\/span>. \u201c<em>El plasma se utiliza para estimular el col\u00e1geno natural, por una cuesti\u00f3n est\u00e9tica. Nosotros con el plasma <span style=\"text-decoration: underline;\">lo que hacemos es agregarlo en las partes de que ya no generan<\/span>, como por ejemplo en el rostro, escote, manos, antebrazo y cuero cabelludo.<\/em>\u201d<\/p>\t\t\t\t\t\t<\/div>\n\t\t\t\t<\/div>\n\t\t\t\t<div class=\"elementor-element elementor-element-00dffbc elementor-widget elementor-widget-text-editor\" data-id=\"00dffbc\" data-element_type=\"widget\" data-widget_type=\"text-editor.default\">\n\t\t\t\t<div class=\"elementor-widget-container\">\n\t\t\t\t\t\t\t\t\t\t\t\t\t<\/div>\n\t\t\t\t<\/div>\n\t\t\t\t\t<\/div>\n\t\t<\/div>\n\t\t\t\t\t\t\t<\/div>\n\t\t<\/section>\n\t\t\t\t<section class=\"elementor-section elementor-top-section elementor-element elementor-element-f200dcd elementor-section-boxed elementor-section-height-default elementor-section-height-default\" data-id=\"f200dcd\" data-element_type=\"section\">\n\t\t\t\t\t\t<div class=\"elementor-container elementor-column-gap-default\">\n\t\t\t\t\t<div class=\"elementor-column elementor-col-100 elementor-top-column elementor-element elementor-element-91982c6\" data-id=\"91982c6\" data-element_type=\"column\">\n\t\t\t<div class=\"elementor-widget-wrap elementor-element-populated\">\n\t\t\t\t\t\t\t\t<div class=\"elementor-element elementor-element-de64498 elementor-widget elementor-widget-image\" data-id=\"de64498\" data-element_type=\"widget\" data-widget_type=\"image.default\">\n\t\t\t\t<div class=\"elementor-widget-container\">\n\t\t\t\t\t\t\t\t\t\t\t\t<figure class=\"wp-caption\">\n\t\t\t\t\t\t\t\t\t\t<img decoding=\"async\" width=\"640\" height=\"851\" src=\"http:\/\/centroeducativoalem.com\/novedades\/wp-content\/uploads\/2023\/06\/WhatsApp-Image-2023-06-30-at-15.01.43-768x1021.jpeg\" class=\"attachment-medium_large size-medium_large\" alt=\"\" loading=\"lazy\" srcset=\"http:\/\/centroeducativoalem.com\/novedades\/wp-content\/uploads\/2023\/06\/WhatsApp-Image-2023-06-30-at-15.01.43-768x1021.jpeg 768w, http:\/\/centroeducativoalem.com\/novedades\/wp-content\/uploads\/2023\/06\/WhatsApp-Image-2023-06-30-at-15.01.43-226x300.jpeg 226w, http:\/\/centroeducativoalem.com\/novedades\/wp-content\/uploads\/2023\/06\/WhatsApp-Image-2023-06-30-at-15.01.43-771x1024.jpeg 771w, http:\/\/centroeducativoalem.com\/novedades\/wp-content\/uploads\/2023\/06\/WhatsApp-Image-2023-06-30-at-15.01.43-1156x1536.jpeg 1156w, http:\/\/centroeducativoalem.com\/novedades\/wp-content\/uploads\/2023\/06\/WhatsApp-Image-2023-06-30-at-15.01.43.jpeg 1204w\" sizes=\"(max-width: 640px) 100vw, 640px\" \/>\t\t\t\t\t\t\t\t\t\t\t<figcaption class=\"widget-image-caption wp-caption-text\">La certificaci\u00f3n del CEA le permiti\u00f3 comenzar a trabajar en el Centro de Est\u00e9tica. <\/figcaption>\n\t\t\t\t\t\t\t\t\t\t<\/figure>\n\t\t\t\t\t\t\t\t\t<\/div>\n\t\t\t\t<\/div>\n\t\t\t\t\t<\/div>\n\t\t<\/div>\n\t\t\t\t\t\t\t<\/div>\n\t\t<\/section>\n\t\t\t\t<section class=\"elementor-section elementor-top-section elementor-element elementor-element-fa3a8cd elementor-section-boxed elementor-section-height-default elementor-section-height-default\" data-id=\"fa3a8cd\" data-element_type=\"section\">\n\t\t\t\t\t\t<div class=\"elementor-container elementor-column-gap-default\">\n\t\t\t\t\t<div class=\"elementor-column elementor-col-100 elementor-top-column elementor-element elementor-element-cf15d15\" data-id=\"cf15d15\" data-element_type=\"column\">\n\t\t\t<div class=\"elementor-widget-wrap elementor-element-populated\">\n\t\t\t\t\t\t\t\t<div class=\"elementor-element elementor-element-2a9ca63 elementor-widget elementor-widget-text-editor\" data-id=\"2a9ca63\" data-element_type=\"widget\" data-widget_type=\"text-editor.default\">\n\t\t\t\t<div class=\"elementor-widget-container\">\n\t\t\t\t\t\t\t<p>Sobre su funci\u00f3n, profundiz\u00f3: \u201c<em>En la est\u00e9tica hacemos el trabajo de <strong>Plasma rico en Plaquetas<\/strong>. Yo lo que hago es encargarme de la preparaci\u00f3n, para que una esteticista lo inyecte. <span style=\"text-decoration: underline;\">Para conseguir el trabajo me sirvi\u00f3 mucho el certificado<\/span>. Tambi\u00e9n me dediqu\u00e9 al plasma gel. Estos tratamientos suelen hacerse seg\u00fan la situaci\u00f3n de cada cliente. El plasma rico en plaquetas una vez al mes, mientras que plasma gel una vez cada seis, con posibles retoques cada tres<\/em>\u201d.<\/p><p>Por \u00faltimo, <strong>Tamara<\/strong> fue clara en su objetivo: \u201c<em>La verdad es que me fue muy bien, hoy puedo decir que vivo de esto, pero <strong>no me quedo con eso, porque pretendo seguir estudiando mucho m\u00e1s<\/strong><\/em>\u201d. En el camino de la <strong>Salud<\/strong>, <span style=\"text-decoration: underline;\">la constante innovaci\u00f3n obliga a sus profesionales a estar preparado para utilizar las nuevas tecnolog\u00edas en funci\u00f3n de brindarle una mejor atenci\u00f3n a sus pacientes<\/span>.<\/p>\t\t\t\t\t\t<\/div>\n\t\t\t\t<\/div>\n\t\t\t\t<div class=\"elementor-element elementor-element-8afe8a6 elementor-widget__width-initial elementor-widget elementor-widget-image\" data-id=\"8afe8a6\" data-element_type=\"widget\" data-widget_type=\"image.default\">\n\t\t\t\t<div class=\"elementor-widget-container\">\n\t\t\t\t\t\t\t\t\t\t\t\t\t\t\t\t<a href=\"http:\/\/www.centroeducativoalem.com\/novedades\">\n\t\t\t\t\t\t\t<img decoding=\"async\" width=\"512\" height=\"512\" src=\"http:\/\/centroeducativoalem.com\/novedades\/wp-content\/uploads\/2021\/11\/flecha.png\" class=\"attachment-full size-full\" alt=\"\" loading=\"lazy\" srcset=\"http:\/\/centroeducativoalem.com\/novedades\/wp-content\/uploads\/2021\/11\/flecha.png 512w, http:\/\/centroeducativoalem.com\/novedades\/wp-content\/uploads\/2021\/11\/flecha-300x300.png 300w, http:\/\/centroeducativoalem.com\/novedades\/wp-content\/uploads\/2021\/11\/flecha-150x150.png 150w\" sizes=\"(max-width: 512px) 100vw, 512px\" \/>\t\t\t\t\t\t\t\t<\/a>\n\t\t\t\t\t\t\t\t\t\t\t\t\t\t\t<\/div>\n\t\t\t\t<\/div>\n\t\t\t\t<div class=\"elementor-element elementor-element-afae770 elementor-widget elementor-widget-heading\" data-id=\"afae770\" data-element_type=\"widget\" data-widget_type=\"heading.default\">\n\t\t\t\t<div class=\"elementor-widget-container\">\n\t\t\t<style>\/*! elementor - v3.6.6 - 08-06-2022 *\/\n.elementor-heading-title{padding:0;margin:0;line-height:1}.elementor-widget-heading .elementor-heading-title[class*=elementor-size-]>a{color:inherit;font-size:inherit;line-height:inherit}.elementor-widget-heading .elementor-heading-title.elementor-size-small{font-size:15px}.elementor-widget-heading .elementor-heading-title.elementor-size-medium{font-size:19px}.elementor-widget-heading .elementor-heading-title.elementor-size-large{font-size:29px}.elementor-widget-heading .elementor-heading-title.elementor-size-xl{font-size:39px}.elementor-widget-heading .elementor-heading-title.elementor-size-xxl{font-size:59px}<\/style><div class=\"elementor-heading-title elementor-size-default\"><a href=\"http:\/\/www.centroeducativoalem.com\/novedades\">Volver<\/a><\/div>\t\t<\/div>\n\t\t\t\t<\/div>\n\t\t\t\t\t<\/div>\n\t\t<\/div>\n\t\t\t\t\t\t\t<\/div>\n\t\t<\/section>\n\t\t\t\t<section class=\"elementor-section elementor-top-section elementor-element elementor-element-0a8db3d elementor-section-boxed elementor-section-height-default elementor-section-height-default\" data-id=\"0a8db3d\" data-element_type=\"section\">\n\t\t\t\t\t\t<div class=\"elementor-container elementor-column-gap-default\">\n\t\t\t\t\t<div class=\"elementor-column elementor-col-100 elementor-top-column elementor-element elementor-element-0dbe56e\" data-id=\"0dbe56e\" data-element_type=\"column\">\n\t\t\t<div class=\"elementor-widget-wrap elementor-element-populated\">\n\t\t\t\t\t\t\t\t<div class=\"elementor-element elementor-element-be3eb57 elementor-widget-divider--view-line elementor-widget elementor-widget-divider\" data-id=\"be3eb57\" data-element_type=\"widget\" data-widget_type=\"divider.default\">\n\t\t\t\t<div class=\"elementor-widget-container\">\n\t\t\t<style>\/*! elementor - v3.6.6 - 08-06-2022 *\/\n.elementor-widget-divider{--divider-border-style:none;--divider-border-width:1px;--divider-color:#2c2c2c;--divider-icon-size:20px;--divider-element-spacing:10px;--divider-pattern-height:24px;--divider-pattern-size:20px;--divider-pattern-url:none;--divider-pattern-repeat:repeat-x}.elementor-widget-divider .elementor-divider{display:-webkit-box;display:-ms-flexbox;display:flex}.elementor-widget-divider .elementor-divider__text{font-size:15px;line-height:1;max-width:95%}.elementor-widget-divider .elementor-divider__element{margin:0 var(--divider-element-spacing);-ms-flex-negative:0;flex-shrink:0}.elementor-widget-divider .elementor-icon{font-size:var(--divider-icon-size)}.elementor-widget-divider .elementor-divider-separator{display:-webkit-box;display:-ms-flexbox;display:flex;margin:0;direction:ltr}.elementor-widget-divider--view-line_icon .elementor-divider-separator,.elementor-widget-divider--view-line_text .elementor-divider-separator{-webkit-box-align:center;-ms-flex-align:center;align-items:center}.elementor-widget-divider--view-line_icon .elementor-divider-separator:after,.elementor-widget-divider--view-line_icon .elementor-divider-separator:before,.elementor-widget-divider--view-line_text .elementor-divider-separator:after,.elementor-widget-divider--view-line_text .elementor-divider-separator:before{display:block;content:\"\";border-bottom:0;-webkit-box-flex:1;-ms-flex-positive:1;flex-grow:1;border-top:var(--divider-border-width) var(--divider-border-style) var(--divider-color)}.elementor-widget-divider--element-align-left .elementor-divider .elementor-divider-separator>.elementor-divider__svg:first-of-type{-webkit-box-flex:0;-ms-flex-positive:0;flex-grow:0;-ms-flex-negative:100;flex-shrink:100}.elementor-widget-divider--element-align-left .elementor-divider-separator:before{content:none}.elementor-widget-divider--element-align-left .elementor-divider__element{margin-left:0}.elementor-widget-divider--element-align-right .elementor-divider .elementor-divider-separator>.elementor-divider__svg:last-of-type{-webkit-box-flex:0;-ms-flex-positive:0;flex-grow:0;-ms-flex-negative:100;flex-shrink:100}.elementor-widget-divider--element-align-right .elementor-divider-separator:after{content:none}.elementor-widget-divider--element-align-right .elementor-divider__element{margin-right:0}.elementor-widget-divider:not(.elementor-widget-divider--view-line_text):not(.elementor-widget-divider--view-line_icon) .elementor-divider-separator{border-top:var(--divider-border-width) var(--divider-border-style) var(--divider-color)}.elementor-widget-divider--separator-type-pattern{--divider-border-style:none}.elementor-widget-divider--separator-type-pattern.elementor-widget-divider--view-line .elementor-divider-separator,.elementor-widget-divider--separator-type-pattern:not(.elementor-widget-divider--view-line) .elementor-divider-separator:after,.elementor-widget-divider--separator-type-pattern:not(.elementor-widget-divider--view-line) .elementor-divider-separator:before,.elementor-widget-divider--separator-type-pattern:not([class*=elementor-widget-divider--view]) .elementor-divider-separator{width:100%;min-height:var(--divider-pattern-height);-webkit-mask-size:var(--divider-pattern-size) 100%;mask-size:var(--divider-pattern-size) 100%;-webkit-mask-repeat:var(--divider-pattern-repeat);mask-repeat:var(--divider-pattern-repeat);background-color:var(--divider-color);-webkit-mask-image:var(--divider-pattern-url);mask-image:var(--divider-pattern-url)}.elementor-widget-divider--no-spacing{--divider-pattern-size:auto}.elementor-widget-divider--bg-round{--divider-pattern-repeat:round}.rtl .elementor-widget-divider .elementor-divider__text{direction:rtl}<\/style>\t\t<div class=\"elementor-divider\">\n\t\t\t<span class=\"elementor-divider-separator\">\n\t\t\t\t\t\t<\/span>\n\t\t<\/div>\n\t\t\t\t<\/div>\n\t\t\t\t<\/div>\n\t\t\t\t\t<\/div>\n\t\t<\/div>\n\t\t\t\t\t\t\t<\/div>\n\t\t<\/section>\n\t\t\t\t<section class=\"elementor-section elementor-top-section elementor-element elementor-element-463d7de elementor-section-boxed elementor-section-height-default elementor-section-height-default\" data-id=\"463d7de\" data-element_type=\"section\">\n\t\t\t\t\t\t<div class=\"elementor-container elementor-column-gap-default\">\n\t\t\t\t\t<div class=\"elementor-column elementor-col-100 elementor-top-column elementor-element elementor-element-65a12d3\" data-id=\"65a12d3\" data-element_type=\"column\">\n\t\t\t<div class=\"elementor-widget-wrap elementor-element-populated\">\n\t\t\t\t\t\t\t\t<div class=\"elementor-element elementor-element-8e2d3b5 elementor-widget elementor-widget-text-editor\" data-id=\"8e2d3b5\" data-element_type=\"widget\" data-widget_type=\"text-editor.default\">\n\t\t\t\t<div class=\"elementor-widget-container\">\n\t\t\t\t\t\t\t<p><strong><span style=\"text-decoration: underline;\"><em>Si sos alumno, egresado o parte del Centro Educativo Alem y tenes una historia para contar comunicate a germanzavala96@gmail.com <\/em><\/span><\/strong><\/p><p><strong><span style=\"text-decoration: underline;\"><em>\u00a1Te estamos buscando!<\/em><\/span><\/strong><\/p>\t\t\t\t\t\t<\/div>\n\t\t\t\t<\/div>\n\t\t\t\t\t<\/div>\n\t\t<\/div>\n\t\t\t\t\t\t\t<\/div>\n\t\t<\/section>\n\t\t\t\t<section class=\"elementor-section elementor-top-section elementor-element elementor-element-07a1b1b elementor-section-boxed elementor-section-height-default elementor-section-height-default\" data-id=\"07a1b1b\" data-element_type=\"section\">\n\t\t\t\t\t\t<div class=\"elementor-container elementor-column-gap-default\">\n\t\t\t\t\t<div class=\"elementor-column elementor-col-100 elementor-top-column elementor-element elementor-element-b66f6d9\" data-id=\"b66f6d9\" data-element_type=\"column\">\n\t\t\t<div class=\"elementor-widget-wrap\">\n\t\t\t\t\t\t\t\t\t<\/div>\n\t\t<\/div>\n\t\t\t\t\t\t\t<\/div>\n\t\t<\/section>\n\t\t\t\t\t\t\t<\/div>\n\t\t","protected":false},"excerpt":{"rendered":"<p>Tamara Terrazas comenz\u00f3 su camino educativo en plena Pandemia y luego de su capacitaci\u00f3n alcanz\u00f3 a obtener su certificado como extraccionista. En pleno crecimiento, ya se sum\u00f3 al grupo docente del Centro Educativo Alem y a la par trabaja en un centro de est\u00e9tica, con el plasma como principal elemento.<\/p>\n","protected":false},"author":3,"featured_media":724,"comment_status":"open","ping_status":"open","sticky":false,"template":"","format":"standard","meta":[],"categories":[1],"tags":[4,6],"_links":{"self":[{"href":"http:\/\/centroeducativoalem.com\/novedades\/wp-json\/wp\/v2\/posts\/723"}],"collection":[{"href":"http:\/\/centroeducativoalem.com\/novedades\/wp-json\/wp\/v2\/posts"}],"about":[{"href":"http:\/\/centroeducativoalem.com\/novedades\/wp-json\/wp\/v2\/types\/post"}],"author":[{"embeddable":true,"href":"http:\/\/centroeducativoalem.com\/novedades\/wp-json\/wp\/v2\/users\/3"}],"replies":[{"embeddable":true,"href":"http:\/\/centroeducativoalem.com\/novedades\/wp-json\/wp\/v2\/comments?post=723"}],"version-history":[{"count":7,"href":"http:\/\/centroeducativoalem.com\/novedades\/wp-json\/wp\/v2\/posts\/723\/revisions"}],"predecessor-version":[{"id":732,"href":"http:\/\/centroeducativoalem.com\/novedades\/wp-json\/wp\/v2\/posts\/723\/revisions\/732"}],"wp:featuredmedia":[{"embeddable":true,"href":"http:\/\/centroeducativoalem.com\/novedades\/wp-json\/wp\/v2\/media\/724"}],"wp:attachment":[{"href":"http:\/\/centroeducativoalem.com\/novedades\/wp-json\/wp\/v2\/media?parent=723"}],"wp:term":[{"taxonomy":"category","embeddable":true,"href":"http:\/\/centroeducativoalem.com\/novedades\/wp-json\/wp\/v2\/categories?post=723"},{"taxonomy":"post_tag","embeddable":true,"href":"http:\/\/centroeducativoalem.com\/novedades\/wp-json\/wp\/v2\/tags?post=723"}],"curies":[{"name":"wp","href":"https:\/\/api.w.org\/{rel}","templated":true}]}}