{"id":700,"date":"2023-06-02T12:02:54","date_gmt":"2023-06-02T15:02:54","guid":{"rendered":"http:\/\/centroeducativoalem.com\/novedades\/?p=700"},"modified":"2023-06-02T12:06:24","modified_gmt":"2023-06-02T15:06:24","slug":"egresados-mabel-bureaux-una-acompanante-terapeutica-todoterreno","status":"publish","type":"post","link":"http:\/\/centroeducativoalem.com\/novedades\/egresados-mabel-bureaux-una-acompanante-terapeutica-todoterreno\/","title":{"rendered":"Egresados: Mabel Bureaux, una Acompa\u00f1ante Terap\u00e9utica todoterreno"},"content":{"rendered":"\t\t<div data-elementor-type=\"wp-post\" data-elementor-id=\"700\" class=\"elementor elementor-700\">\n\t\t\t\t\t\t\t\t\t<section class=\"elementor-section elementor-top-section elementor-element elementor-element-73f2d31 elementor-section-boxed elementor-section-height-default elementor-section-height-default\" data-id=\"73f2d31\" data-element_type=\"section\">\n\t\t\t\t\t\t<div class=\"elementor-container elementor-column-gap-default\">\n\t\t\t\t\t<div class=\"elementor-column elementor-col-100 elementor-top-column elementor-element elementor-element-02c38a8\" data-id=\"02c38a8\" data-element_type=\"column\">\n\t\t\t<div class=\"elementor-widget-wrap elementor-element-populated\">\n\t\t\t\t\t\t\t\t<div class=\"elementor-element elementor-element-954f0a1 elementor-drop-cap-yes elementor-drop-cap-view-default elementor-widget elementor-widget-text-editor\" data-id=\"954f0a1\" data-element_type=\"widget\" data-settings=\"{&quot;drop_cap&quot;:&quot;yes&quot;}\" data-widget_type=\"text-editor.default\">\n\t\t\t\t<div class=\"elementor-widget-container\">\n\t\t\t<style>\/*! elementor - v3.6.6 - 08-06-2022 *\/\n.elementor-widget-text-editor.elementor-drop-cap-view-stacked .elementor-drop-cap{background-color:#818a91;color:#fff}.elementor-widget-text-editor.elementor-drop-cap-view-framed .elementor-drop-cap{color:#818a91;border:3px solid;background-color:transparent}.elementor-widget-text-editor:not(.elementor-drop-cap-view-default) .elementor-drop-cap{margin-top:8px}.elementor-widget-text-editor:not(.elementor-drop-cap-view-default) .elementor-drop-cap-letter{width:1em;height:1em}.elementor-widget-text-editor .elementor-drop-cap{float:left;text-align:center;line-height:1;font-size:50px}.elementor-widget-text-editor .elementor-drop-cap-letter{display:inline-block}<\/style>\t\t\t\t<p>E<strong><em>n muchos casos uno no va por el dinero, sino por vocaci\u00f3n<\/em><\/strong>\u201d. La explicaci\u00f3n de <strong>Mabel Bureaux<\/strong> recorre una apreciaci\u00f3n similar en los alumnos graduados de <strong>Acompa\u00f1ante Terap\u00e9utico<\/strong> en el <strong>Centro Educativo Alem<\/strong>. Con el correr de las entrevistas y los di\u00e1logos con los profesionales, el hilo conductor que presentan cada uno de sus testimonios recorren detr\u00e1s del mismo sentido, de poner el \u00e9nfasis en la persona por sobre otras cuestiones.<\/p>\t\t\t\t\t\t<\/div>\n\t\t\t\t<\/div>\n\t\t\t\t<div class=\"elementor-element elementor-element-3dcf759 elementor-widget elementor-widget-image\" data-id=\"3dcf759\" data-element_type=\"widget\" data-widget_type=\"image.default\">\n\t\t\t\t<div class=\"elementor-widget-container\">\n\t\t\t<style>\/*! elementor - v3.6.6 - 08-06-2022 *\/\n.elementor-widget-image{text-align:center}.elementor-widget-image a{display:inline-block}.elementor-widget-image a img[src$=\".svg\"]{width:48px}.elementor-widget-image img{vertical-align:middle;display:inline-block}<\/style>\t\t\t\t\t\t\t\t\t<figure class=\"wp-caption\">\n\t\t\t\t\t\t\t\t\t\t<img decoding=\"async\" width=\"640\" height=\"1138\" src=\"http:\/\/centroeducativoalem.com\/novedades\/wp-content\/uploads\/2023\/06\/WhatsApp-Image-2023-05-15-at-16.03.18-768x1365.jpeg\" class=\"attachment-medium_large size-medium_large\" alt=\"\" loading=\"lazy\" srcset=\"http:\/\/centroeducativoalem.com\/novedades\/wp-content\/uploads\/2023\/06\/WhatsApp-Image-2023-05-15-at-16.03.18-768x1365.jpeg 768w, http:\/\/centroeducativoalem.com\/novedades\/wp-content\/uploads\/2023\/06\/WhatsApp-Image-2023-05-15-at-16.03.18-169x300.jpeg 169w, http:\/\/centroeducativoalem.com\/novedades\/wp-content\/uploads\/2023\/06\/WhatsApp-Image-2023-05-15-at-16.03.18-576x1024.jpeg 576w, http:\/\/centroeducativoalem.com\/novedades\/wp-content\/uploads\/2023\/06\/WhatsApp-Image-2023-05-15-at-16.03.18-864x1536.jpeg 864w, http:\/\/centroeducativoalem.com\/novedades\/wp-content\/uploads\/2023\/06\/WhatsApp-Image-2023-05-15-at-16.03.18.jpeg 900w\" sizes=\"(max-width: 640px) 100vw, 640px\" \/>\t\t\t\t\t\t\t\t\t\t\t<figcaption class=\"widget-image-caption wp-caption-text\">Mabel con su certificado de aprobaci\u00f3n de Acompa\u00f1ante Terap\u00e9utico, dictado por Aulas M\u00f3viles de Pinet.<\/figcaption>\n\t\t\t\t\t\t\t\t\t\t<\/figure>\n\t\t\t\t\t\t\t\t\t<\/div>\n\t\t\t\t<\/div>\n\t\t\t\t\t<\/div>\n\t\t<\/div>\n\t\t\t\t\t\t\t<\/div>\n\t\t<\/section>\n\t\t\t\t<section class=\"elementor-section elementor-top-section elementor-element elementor-element-f07e770 elementor-section-boxed elementor-section-height-default elementor-section-height-default\" data-id=\"f07e770\" data-element_type=\"section\">\n\t\t\t\t\t\t<div class=\"elementor-container elementor-column-gap-default\">\n\t\t\t\t\t<div class=\"elementor-column elementor-col-100 elementor-top-column elementor-element elementor-element-fe879b8\" data-id=\"fe879b8\" data-element_type=\"column\">\n\t\t\t<div class=\"elementor-widget-wrap elementor-element-populated\">\n\t\t\t\t\t\t\t\t<div class=\"elementor-element elementor-element-1fff242 elementor-widget elementor-widget-text-editor\" data-id=\"1fff242\" data-element_type=\"widget\" data-widget_type=\"text-editor.default\">\n\t\t\t\t<div class=\"elementor-widget-container\">\n\t\t\t\t\t\t\t<p>.<\/p><p>Consciente de que la salud de sus pacientes es el aspecto primordial, <span style=\"text-decoration: underline;\"><strong>Mabel<\/strong> representa en sus dichos una carrera ligada al amor, comprensi\u00f3n y empat\u00eda<\/span>. En sus a\u00f1os de trabajo, siempre tuvo la alegr\u00eda de tener \u201c<em>recomendaciones<\/em>\u201d que le <span style=\"text-decoration: underline;\">abrieron puertas para potenciar su profesi\u00f3n<\/span>, basada en la confianza que le brind\u00f3 a cada familia, <strong>que ante un problema, encontr\u00f3 una soluci\u00f3n<\/strong>.<\/p><p><strong>Mabel<\/strong> es una vecina de <strong>Alejandro Korn<\/strong> y que gracias al proyecto de <strong>Aulas M\u00f3viles de Pinet<\/strong> logr\u00f3 capacitarse en el <strong>Club Mitre de San Vicente<\/strong>, de la mano del profesor <strong>Pablo Messina<\/strong>. Y sobre qui\u00e9n, se deshizo en elogios: \u201c<em>Es una maravilla. <span style=\"text-decoration: underline;\">Como ser humano y profesor es extraordinario<\/span>. Es muy compa\u00f1ero, de eso no hay dudas y hasta el d\u00eda de hoy sigo en di\u00e1logo con \u00e9l para cualquier duda que me surja<\/em>\u201d.<\/p><p>En su camino, <strong>Mabel<\/strong> afront\u00f3 situaciones de todo tipo, con algunas vivencias m\u00e1s recordadas que otras. <span style=\"text-decoration: underline;\">Desde la comodidad de trabajar en un country, hasta tambi\u00e9n tener el deseo de invitar a una paciente para que pasen las fiestas de navidad juntas<\/span>, en la b\u00fasqueda de que no sea una noche solitaria.<\/p><p>Incluso, fue muy sincera: \u201c<em><span style=\"text-decoration: underline;\">Yo tengo un defecto. Me encari\u00f1o con mis pacientes<\/span>. Se que es mi trabajo, as\u00ed me lo remarca tambi\u00e9n <strong>Pablo<\/strong>, el profe nos coment\u00f3 que m\u00e1s de 3 a\u00f1os no podemos estar con un paciente porque nos hace mal a nosotros mentalmente y es verdad que te desgasta, pero soy as\u00ed<\/em>\u201d.<\/p>\t\t\t\t\t\t<\/div>\n\t\t\t\t<\/div>\n\t\t\t\t<div class=\"elementor-element elementor-element-00dffbc elementor-widget elementor-widget-text-editor\" data-id=\"00dffbc\" data-element_type=\"widget\" data-widget_type=\"text-editor.default\">\n\t\t\t\t<div class=\"elementor-widget-container\">\n\t\t\t\t\t\t\t\t\t\t\t\t\t<\/div>\n\t\t\t\t<\/div>\n\t\t\t\t\t<\/div>\n\t\t<\/div>\n\t\t\t\t\t\t\t<\/div>\n\t\t<\/section>\n\t\t\t\t<section class=\"elementor-section elementor-top-section elementor-element elementor-element-f200dcd elementor-section-boxed elementor-section-height-default elementor-section-height-default\" data-id=\"f200dcd\" data-element_type=\"section\">\n\t\t\t\t\t\t<div class=\"elementor-container elementor-column-gap-default\">\n\t\t\t\t\t<div class=\"elementor-column elementor-col-100 elementor-top-column elementor-element elementor-element-91982c6\" data-id=\"91982c6\" data-element_type=\"column\">\n\t\t\t<div class=\"elementor-widget-wrap elementor-element-populated\">\n\t\t\t\t\t\t\t\t<div class=\"elementor-element elementor-element-de64498 elementor-widget elementor-widget-image\" data-id=\"de64498\" data-element_type=\"widget\" data-widget_type=\"image.default\">\n\t\t\t\t<div class=\"elementor-widget-container\">\n\t\t\t\t\t\t\t\t\t\t\t\t<figure class=\"wp-caption\">\n\t\t\t\t\t\t\t\t\t\t<img decoding=\"async\" width=\"640\" height=\"354\" src=\"http:\/\/centroeducativoalem.com\/novedades\/wp-content\/uploads\/2023\/06\/mabel-bureaux-e1685717309507-768x425.jpg\" class=\"attachment-medium_large size-medium_large\" alt=\"\" loading=\"lazy\" srcset=\"http:\/\/centroeducativoalem.com\/novedades\/wp-content\/uploads\/2023\/06\/mabel-bureaux-e1685717309507-768x425.jpg 768w, http:\/\/centroeducativoalem.com\/novedades\/wp-content\/uploads\/2023\/06\/mabel-bureaux-e1685717309507-300x166.jpg 300w, http:\/\/centroeducativoalem.com\/novedades\/wp-content\/uploads\/2023\/06\/mabel-bureaux-e1685717309507-1024x567.jpg 1024w, http:\/\/centroeducativoalem.com\/novedades\/wp-content\/uploads\/2023\/06\/mabel-bureaux-e1685717309507.jpg 1029w\" sizes=\"(max-width: 640px) 100vw, 640px\" \/>\t\t\t\t\t\t\t\t\t\t\t<figcaption class=\"widget-image-caption wp-caption-text\">Mabel, con su t\u00edtulo de egresada, junto a su profesor Pablo y compa\u00f1eras de su comisi\u00f3n.<\/figcaption>\n\t\t\t\t\t\t\t\t\t\t<\/figure>\n\t\t\t\t\t\t\t\t\t<\/div>\n\t\t\t\t<\/div>\n\t\t\t\t\t<\/div>\n\t\t<\/div>\n\t\t\t\t\t\t\t<\/div>\n\t\t<\/section>\n\t\t\t\t<section class=\"elementor-section elementor-top-section elementor-element elementor-element-fa3a8cd elementor-section-boxed elementor-section-height-default elementor-section-height-default\" data-id=\"fa3a8cd\" data-element_type=\"section\">\n\t\t\t\t\t\t<div class=\"elementor-container elementor-column-gap-default\">\n\t\t\t\t\t<div class=\"elementor-column elementor-col-100 elementor-top-column elementor-element elementor-element-cf15d15\" data-id=\"cf15d15\" data-element_type=\"column\">\n\t\t\t<div class=\"elementor-widget-wrap elementor-element-populated\">\n\t\t\t\t\t\t\t\t<div class=\"elementor-element elementor-element-2a9ca63 elementor-widget elementor-widget-text-editor\" data-id=\"2a9ca63\" data-element_type=\"widget\" data-widget_type=\"text-editor.default\">\n\t\t\t\t<div class=\"elementor-widget-container\">\n\t\t\t\t\t\t\t<p>En relaci\u00f3n a sus primeros pasos dentro de la profesi\u00f3n, cont\u00f3: \u201c<em>Empec\u00e9 a estudiar porque estaba acompa\u00f1ando una abuela en <strong>Banfield<\/strong>, que en su momento hab\u00eda acompa\u00f1ado a su pareja y por eso conoc\u00edan c\u00f3mo trabajaba<\/em>\u201d. Sumado a esto, detall\u00f3: \u201c<span style=\"text-decoration: underline;\"><em>Me toc\u00f3 trabajar de noche, como franquera, feriados, con pacientes en sillas de ruedas y otras problem\u00e1ticas, pero yo siempre di todo lo que pod\u00eda, aunque muchas situaciones te llevan a sufrir<\/em><\/span>\u201d.<\/p><p>Por \u00faltimo, se despidi\u00f3 con mensajes positivos sobre su formaci\u00f3n: \u201c<em>Desde lo te\u00f3rico me cost\u00f3 bastante, pero <span style=\"text-decoration: underline;\">lo bueno que me ayudaban mis compa\u00f1eras y tambi\u00e9n mutuamente nos ayudamos un mont\u00f3n con los profesores, que en ning\u00fan momento nos dejaban solas<\/span>. <strong>Lo recomendar\u00eda con todo gusto<\/strong><\/em>\u201d.<\/p>\t\t\t\t\t\t<\/div>\n\t\t\t\t<\/div>\n\t\t\t\t<div class=\"elementor-element elementor-element-8afe8a6 elementor-widget__width-initial elementor-widget elementor-widget-image\" data-id=\"8afe8a6\" data-element_type=\"widget\" data-widget_type=\"image.default\">\n\t\t\t\t<div class=\"elementor-widget-container\">\n\t\t\t\t\t\t\t\t\t\t\t\t\t\t\t\t<a href=\"http:\/\/www.centroeducativoalem.com\/novedades\">\n\t\t\t\t\t\t\t<img decoding=\"async\" width=\"512\" height=\"512\" src=\"http:\/\/centroeducativoalem.com\/novedades\/wp-content\/uploads\/2021\/11\/flecha.png\" class=\"attachment-full size-full\" alt=\"\" loading=\"lazy\" srcset=\"http:\/\/centroeducativoalem.com\/novedades\/wp-content\/uploads\/2021\/11\/flecha.png 512w, http:\/\/centroeducativoalem.com\/novedades\/wp-content\/uploads\/2021\/11\/flecha-300x300.png 300w, http:\/\/centroeducativoalem.com\/novedades\/wp-content\/uploads\/2021\/11\/flecha-150x150.png 150w\" sizes=\"(max-width: 512px) 100vw, 512px\" \/>\t\t\t\t\t\t\t\t<\/a>\n\t\t\t\t\t\t\t\t\t\t\t\t\t\t\t<\/div>\n\t\t\t\t<\/div>\n\t\t\t\t<div class=\"elementor-element elementor-element-afae770 elementor-widget elementor-widget-heading\" data-id=\"afae770\" data-element_type=\"widget\" data-widget_type=\"heading.default\">\n\t\t\t\t<div class=\"elementor-widget-container\">\n\t\t\t<style>\/*! elementor - v3.6.6 - 08-06-2022 *\/\n.elementor-heading-title{padding:0;margin:0;line-height:1}.elementor-widget-heading .elementor-heading-title[class*=elementor-size-]>a{color:inherit;font-size:inherit;line-height:inherit}.elementor-widget-heading .elementor-heading-title.elementor-size-small{font-size:15px}.elementor-widget-heading .elementor-heading-title.elementor-size-medium{font-size:19px}.elementor-widget-heading .elementor-heading-title.elementor-size-large{font-size:29px}.elementor-widget-heading .elementor-heading-title.elementor-size-xl{font-size:39px}.elementor-widget-heading .elementor-heading-title.elementor-size-xxl{font-size:59px}<\/style><div class=\"elementor-heading-title elementor-size-default\"><a href=\"http:\/\/www.centroeducativoalem.com\/novedades\">Volver<\/a><\/div>\t\t<\/div>\n\t\t\t\t<\/div>\n\t\t\t\t\t<\/div>\n\t\t<\/div>\n\t\t\t\t\t\t\t<\/div>\n\t\t<\/section>\n\t\t\t\t<section class=\"elementor-section elementor-top-section elementor-element elementor-element-0a8db3d elementor-section-boxed elementor-section-height-default elementor-section-height-default\" data-id=\"0a8db3d\" data-element_type=\"section\">\n\t\t\t\t\t\t<div class=\"elementor-container elementor-column-gap-default\">\n\t\t\t\t\t<div class=\"elementor-column elementor-col-100 elementor-top-column elementor-element elementor-element-0dbe56e\" data-id=\"0dbe56e\" data-element_type=\"column\">\n\t\t\t<div class=\"elementor-widget-wrap elementor-element-populated\">\n\t\t\t\t\t\t\t\t<div class=\"elementor-element elementor-element-be3eb57 elementor-widget-divider--view-line elementor-widget elementor-widget-divider\" data-id=\"be3eb57\" data-element_type=\"widget\" data-widget_type=\"divider.default\">\n\t\t\t\t<div class=\"elementor-widget-container\">\n\t\t\t<style>\/*! elementor - v3.6.6 - 08-06-2022 *\/\n.elementor-widget-divider{--divider-border-style:none;--divider-border-width:1px;--divider-color:#2c2c2c;--divider-icon-size:20px;--divider-element-spacing:10px;--divider-pattern-height:24px;--divider-pattern-size:20px;--divider-pattern-url:none;--divider-pattern-repeat:repeat-x}.elementor-widget-divider .elementor-divider{display:-webkit-box;display:-ms-flexbox;display:flex}.elementor-widget-divider .elementor-divider__text{font-size:15px;line-height:1;max-width:95%}.elementor-widget-divider .elementor-divider__element{margin:0 var(--divider-element-spacing);-ms-flex-negative:0;flex-shrink:0}.elementor-widget-divider .elementor-icon{font-size:var(--divider-icon-size)}.elementor-widget-divider .elementor-divider-separator{display:-webkit-box;display:-ms-flexbox;display:flex;margin:0;direction:ltr}.elementor-widget-divider--view-line_icon .elementor-divider-separator,.elementor-widget-divider--view-line_text .elementor-divider-separator{-webkit-box-align:center;-ms-flex-align:center;align-items:center}.elementor-widget-divider--view-line_icon .elementor-divider-separator:after,.elementor-widget-divider--view-line_icon .elementor-divider-separator:before,.elementor-widget-divider--view-line_text .elementor-divider-separator:after,.elementor-widget-divider--view-line_text .elementor-divider-separator:before{display:block;content:\"\";border-bottom:0;-webkit-box-flex:1;-ms-flex-positive:1;flex-grow:1;border-top:var(--divider-border-width) var(--divider-border-style) var(--divider-color)}.elementor-widget-divider--element-align-left .elementor-divider .elementor-divider-separator>.elementor-divider__svg:first-of-type{-webkit-box-flex:0;-ms-flex-positive:0;flex-grow:0;-ms-flex-negative:100;flex-shrink:100}.elementor-widget-divider--element-align-left .elementor-divider-separator:before{content:none}.elementor-widget-divider--element-align-left .elementor-divider__element{margin-left:0}.elementor-widget-divider--element-align-right .elementor-divider .elementor-divider-separator>.elementor-divider__svg:last-of-type{-webkit-box-flex:0;-ms-flex-positive:0;flex-grow:0;-ms-flex-negative:100;flex-shrink:100}.elementor-widget-divider--element-align-right .elementor-divider-separator:after{content:none}.elementor-widget-divider--element-align-right .elementor-divider__element{margin-right:0}.elementor-widget-divider:not(.elementor-widget-divider--view-line_text):not(.elementor-widget-divider--view-line_icon) .elementor-divider-separator{border-top:var(--divider-border-width) var(--divider-border-style) var(--divider-color)}.elementor-widget-divider--separator-type-pattern{--divider-border-style:none}.elementor-widget-divider--separator-type-pattern.elementor-widget-divider--view-line .elementor-divider-separator,.elementor-widget-divider--separator-type-pattern:not(.elementor-widget-divider--view-line) .elementor-divider-separator:after,.elementor-widget-divider--separator-type-pattern:not(.elementor-widget-divider--view-line) .elementor-divider-separator:before,.elementor-widget-divider--separator-type-pattern:not([class*=elementor-widget-divider--view]) .elementor-divider-separator{width:100%;min-height:var(--divider-pattern-height);-webkit-mask-size:var(--divider-pattern-size) 100%;mask-size:var(--divider-pattern-size) 100%;-webkit-mask-repeat:var(--divider-pattern-repeat);mask-repeat:var(--divider-pattern-repeat);background-color:var(--divider-color);-webkit-mask-image:var(--divider-pattern-url);mask-image:var(--divider-pattern-url)}.elementor-widget-divider--no-spacing{--divider-pattern-size:auto}.elementor-widget-divider--bg-round{--divider-pattern-repeat:round}.rtl .elementor-widget-divider .elementor-divider__text{direction:rtl}<\/style>\t\t<div class=\"elementor-divider\">\n\t\t\t<span class=\"elementor-divider-separator\">\n\t\t\t\t\t\t<\/span>\n\t\t<\/div>\n\t\t\t\t<\/div>\n\t\t\t\t<\/div>\n\t\t\t\t\t<\/div>\n\t\t<\/div>\n\t\t\t\t\t\t\t<\/div>\n\t\t<\/section>\n\t\t\t\t<section class=\"elementor-section elementor-top-section elementor-element elementor-element-463d7de elementor-section-boxed elementor-section-height-default elementor-section-height-default\" data-id=\"463d7de\" data-element_type=\"section\">\n\t\t\t\t\t\t<div class=\"elementor-container elementor-column-gap-default\">\n\t\t\t\t\t<div class=\"elementor-column elementor-col-100 elementor-top-column elementor-element elementor-element-65a12d3\" data-id=\"65a12d3\" data-element_type=\"column\">\n\t\t\t<div class=\"elementor-widget-wrap elementor-element-populated\">\n\t\t\t\t\t\t\t\t<div class=\"elementor-element elementor-element-8e2d3b5 elementor-widget elementor-widget-text-editor\" data-id=\"8e2d3b5\" data-element_type=\"widget\" data-widget_type=\"text-editor.default\">\n\t\t\t\t<div class=\"elementor-widget-container\">\n\t\t\t\t\t\t\t<p><strong><span style=\"text-decoration: underline;\"><em>Si sos alumno, egresado o parte del Centro Educativo Alem y tenes una historia para contar comunicate a germanzavala96@gmail.com <\/em><\/span><\/strong><\/p><p><strong><span style=\"text-decoration: underline;\"><em>\u00a1Te estamos buscando!<\/em><\/span><\/strong><\/p>\t\t\t\t\t\t<\/div>\n\t\t\t\t<\/div>\n\t\t\t\t\t<\/div>\n\t\t<\/div>\n\t\t\t\t\t\t\t<\/div>\n\t\t<\/section>\n\t\t\t\t<section class=\"elementor-section elementor-top-section elementor-element elementor-element-07a1b1b elementor-section-boxed elementor-section-height-default elementor-section-height-default\" data-id=\"07a1b1b\" data-element_type=\"section\">\n\t\t\t\t\t\t<div class=\"elementor-container elementor-column-gap-default\">\n\t\t\t\t\t<div class=\"elementor-column elementor-col-100 elementor-top-column elementor-element elementor-element-b66f6d9\" data-id=\"b66f6d9\" data-element_type=\"column\">\n\t\t\t<div class=\"elementor-widget-wrap\">\n\t\t\t\t\t\t\t\t\t<\/div>\n\t\t<\/div>\n\t\t\t\t\t\t\t<\/div>\n\t\t<\/section>\n\t\t\t\t\t\t\t<\/div>\n\t\t","protected":false},"excerpt":{"rendered":"<p>\u201cEn muchos casos uno no va por el dinero, sino por vocaci\u00f3n\u201d. La explicaci\u00f3n de Mabel Bureaux recorre una apreciaci\u00f3n similar en los alumnos graduados de Acompa\u00f1ante Terap\u00e9utico en el Centro Educativo Alem. <\/p>\n","protected":false},"author":3,"featured_media":701,"comment_status":"open","ping_status":"open","sticky":false,"template":"","format":"standard","meta":[],"categories":[1],"tags":[10,4],"_links":{"self":[{"href":"http:\/\/centroeducativoalem.com\/novedades\/wp-json\/wp\/v2\/posts\/700"}],"collection":[{"href":"http:\/\/centroeducativoalem.com\/novedades\/wp-json\/wp\/v2\/posts"}],"about":[{"href":"http:\/\/centroeducativoalem.com\/novedades\/wp-json\/wp\/v2\/types\/post"}],"author":[{"embeddable":true,"href":"http:\/\/centroeducativoalem.com\/novedades\/wp-json\/wp\/v2\/users\/3"}],"replies":[{"embeddable":true,"href":"http:\/\/centroeducativoalem.com\/novedades\/wp-json\/wp\/v2\/comments?post=700"}],"version-history":[{"count":4,"href":"http:\/\/centroeducativoalem.com\/novedades\/wp-json\/wp\/v2\/posts\/700\/revisions"}],"predecessor-version":[{"id":706,"href":"http:\/\/centroeducativoalem.com\/novedades\/wp-json\/wp\/v2\/posts\/700\/revisions\/706"}],"wp:featuredmedia":[{"embeddable":true,"href":"http:\/\/centroeducativoalem.com\/novedades\/wp-json\/wp\/v2\/media\/701"}],"wp:attachment":[{"href":"http:\/\/centroeducativoalem.com\/novedades\/wp-json\/wp\/v2\/media?parent=700"}],"wp:term":[{"taxonomy":"category","embeddable":true,"href":"http:\/\/centroeducativoalem.com\/novedades\/wp-json\/wp\/v2\/categories?post=700"},{"taxonomy":"post_tag","embeddable":true,"href":"http:\/\/centroeducativoalem.com\/novedades\/wp-json\/wp\/v2\/tags?post=700"}],"curies":[{"name":"wp","href":"https:\/\/api.w.org\/{rel}","templated":true}]}}