{"id":677,"date":"2023-05-17T16:29:08","date_gmt":"2023-05-17T19:29:08","guid":{"rendered":"http:\/\/centroeducativoalem.com\/novedades\/?p=677"},"modified":"2023-05-18T16:37:58","modified_gmt":"2023-05-18T19:37:58","slug":"el-centro-educativo-alem-firmo-un-convenio-para-su-sucursal-en-paraguay-con-la-ceduna","status":"publish","type":"post","link":"http:\/\/centroeducativoalem.com\/novedades\/el-centro-educativo-alem-firmo-un-convenio-para-su-sucursal-en-paraguay-con-la-ceduna\/","title":{"rendered":"El CEA firm\u00f3 un convenio para su sucursal en Paraguay con la Universidad Nacional de Asunci\u00f3n y su Centro de Estudiantes"},"content":{"rendered":"<p>A poco m\u00e1s de cuatro meses de su apertura, la sede de <strong>Paraguay<\/strong> del <strong>Centro Educativo Alem<\/strong> contin\u00faa su crecimiento con la firma de nuevos convenios, que vuelven a poner la lupa de los beneficios sobre su masa estudiantil. Ayer por la ma\u00f1ana, en una reuni\u00f3n con el <strong>Centro de Alumnos de la<\/strong> <strong>Facultad de Derecho y Notariado de la Universidad Nacional de Asunci\u00f3n<\/strong> <em>acord\u00f3 importantes descuentos para las capacitaciones presenciales y virtuales<\/em>.<\/p>\n<style>\/*! elementor - v3.6.6 - 08-06-2022 *\/<br \/>\n.elementor-widget-image{text-align:center}.elementor-widget-image a{display:inline-block}.elementor-widget-image a img[src$=\".svg\"]{width:48px}.elementor-widget-image img{vertical-align:middle;display:inline-block}<\/style>\n<p>\t\t\t\t\t\t\t\t\t\t\t\t<img decoding=\"async\" width=\"640\" height=\"853\" src=\"http:\/\/centroeducativoalem.com\/novedades\/wp-content\/uploads\/2023\/05\/convenio-CEDUNA.-jpg-768x1024.jpg\" alt=\"\" loading=\"lazy\" srcset=\"http:\/\/centroeducativoalem.com\/novedades\/wp-content\/uploads\/2023\/05\/convenio-CEDUNA.-jpg-768x1024.jpg 768w, http:\/\/centroeducativoalem.com\/novedades\/wp-content\/uploads\/2023\/05\/convenio-CEDUNA.-jpg-225x300.jpg 225w, http:\/\/centroeducativoalem.com\/novedades\/wp-content\/uploads\/2023\/05\/convenio-CEDUNA.-jpg-1152x1536.jpg 1152w, http:\/\/centroeducativoalem.com\/novedades\/wp-content\/uploads\/2023\/05\/convenio-CEDUNA.-jpg.jpg 1200w\" sizes=\"(max-width: 640px) 100vw, 640px\"><\/p>\n<p>.<\/p>\n<p>Desde la apertura de sus puertas el 20 de febrero, la premisa del <strong>CEA<\/strong> es <strong>darle las herramientas necesarias a la comunidad para que puedan desarrollar un crecimiento econ\u00f3mico y social a la altura de sus sue\u00f1os y expectativas<\/strong>. Ante este panorama, realiz\u00f3 un nuevo compromiso junto al <strong>CEDUNA<\/strong>, <em>ente que comparte la visi\u00f3n<\/em>, despu\u00e9s de la \u00faltima reuni\u00f3n llevada a cabo en la universidad, en la sala de Derecho, por parte del representante <strong>Fernando Ch\u00e1vez<\/strong> junto a <strong>Bruno Ram\u00edrez<\/strong>, presidente del centro de estudiantes.<\/p>\n<p>Seg\u00fan detall\u00f3 la firma, para los estudiantes de la UNA habr\u00e1 un <strong>descuento del 50 por ciento en la matr\u00edcula, los planes de arancelarios se reducir\u00e1n de un 20 a otro 50 por ciento, sumado a la entrega gratuita de manuales, ex\u00e1menes y certificaciones, con la pr\u00e1ctica de talleres equipados para su labor<\/strong>.<\/p>\n<p>Por su parte, la <strong>Universidad Nacional de Asunci\u00f3n<\/strong> cuenta con <em>m\u00e1s de 130 a\u00f1os abierta a su comunidad<\/em>. Hoy, posee m\u00e1s de 48 mil estudiantes, distribuidos en 81 carreras. Desde 1893, <strong>la Facultad de Derecho y Notoriado<\/strong> es una de las m\u00e1s elegidas por la comunidad, que desde la vigencia de este acuerdo podr\u00e1n contar con una fuerte disminuci\u00f3n de los valores en la inscripci\u00f3n y mensualidades.&nbsp;Con sus n\u00fameros y premios, se trata de una formaci\u00f3n de privilegio para sus concurrentes, gracias a su excelencia educativa y vinculaci\u00f3n social.<\/p>\n<p><img decoding=\"async\" width=\"640\" height=\"640\" src=\"http:\/\/centroeducativoalem.com\/novedades\/wp-content\/uploads\/2023\/05\/Acuerdo-Ceduna-768x768.jpeg\" alt=\"\" loading=\"lazy\" srcset=\"http:\/\/centroeducativoalem.com\/novedades\/wp-content\/uploads\/2023\/05\/Acuerdo-Ceduna-768x768.jpeg 768w, http:\/\/centroeducativoalem.com\/novedades\/wp-content\/uploads\/2023\/05\/Acuerdo-Ceduna-300x300.jpeg 300w, http:\/\/centroeducativoalem.com\/novedades\/wp-content\/uploads\/2023\/05\/Acuerdo-Ceduna-1024x1024.jpeg 1024w, http:\/\/centroeducativoalem.com\/novedades\/wp-content\/uploads\/2023\/05\/Acuerdo-Ceduna-150x150.jpeg 150w, http:\/\/centroeducativoalem.com\/novedades\/wp-content\/uploads\/2023\/05\/Acuerdo-Ceduna.jpeg 1080w\" sizes=\"(max-width: 640px) 100vw, 640px\"><\/p>\n<p>Para acceder a m\u00e1s informaci\u00f3n se puede comunicar al <strong>(0985) 667 184<\/strong>, como as\u00ed tambi\u00e9n a trav\u00e9s de las redes sociales: <strong>@cealem_py<\/strong> y <strong>@cedunapy<\/strong> en Instagram. En total, <em>son m\u00e1s de 18 capacitaciones que quedaron nucleadas bajo este pacto<\/em>, entre las que se destacan <strong>Auxiliar de Farmacia, Acompa\u00f1anate Terap\u00e9utico, Ingles, T\u00e9cnico en Refrigraci\u00f3n, Tatuador, Barber\u00eda y Asitente Contable<\/strong>, entre otras.<\/p>\n<p><a href=\"http:\/\/www.centroeducativoalem.com\/novedades\"><br \/>\n<img decoding=\"async\" width=\"512\" height=\"512\" src=\"http:\/\/centroeducativoalem.com\/novedades\/wp-content\/uploads\/2021\/11\/flecha.png\" alt=\"\" loading=\"lazy\" srcset=\"http:\/\/centroeducativoalem.com\/novedades\/wp-content\/uploads\/2021\/11\/flecha.png 512w, http:\/\/centroeducativoalem.com\/novedades\/wp-content\/uploads\/2021\/11\/flecha-300x300.png 300w, http:\/\/centroeducativoalem.com\/novedades\/wp-content\/uploads\/2021\/11\/flecha-150x150.png 150w\" sizes=\"(max-width: 512px) 100vw, 512px\">\t\t\t\t\t\t\t\t<\/a><\/p>\n<style>\/*! elementor - v3.6.6 - 08-06-2022 *\/<br \/>\n.elementor-heading-title{padding:0;margin:0;line-height:1}.elementor-widget-heading .elementor-heading-title[class*=elementor-size-]>a{color:inherit;font-size:inherit;line-height:inherit}.elementor-widget-heading .elementor-heading-title.elementor-size-small{font-size:15px}.elementor-widget-heading .elementor-heading-title.elementor-size-medium{font-size:19px}.elementor-widget-heading .elementor-heading-title.elementor-size-large{font-size:29px}.elementor-widget-heading .elementor-heading-title.elementor-size-xl{font-size:39px}.elementor-widget-heading .elementor-heading-title.elementor-size-xxl{font-size:59px}<\/style>\n<p><a href=\"http:\/\/www.centroeducativoalem.com\/novedades\">Volver<\/a><\/p>\n<style>\/*! elementor - v3.6.6 - 08-06-2022 *\/<br \/>\n.elementor-widget-divider{--divider-border-style:none;--divider-border-width:1px;--divider-color:#2c2c2c;--divider-icon-size:20px;--divider-element-spacing:10px;--divider-pattern-height:24px;--divider-pattern-size:20px;--divider-pattern-url:none;--divider-pattern-repeat:repeat-x}.elementor-widget-divider .elementor-divider{display:-webkit-box;display:-ms-flexbox;display:flex}.elementor-widget-divider .elementor-divider__text{font-size:15px;line-height:1;max-width:95%}.elementor-widget-divider .elementor-divider__element{margin:0 var(--divider-element-spacing);-ms-flex-negative:0;flex-shrink:0}.elementor-widget-divider .elementor-icon{font-size:var(--divider-icon-size)}.elementor-widget-divider .elementor-divider-separator{display:-webkit-box;display:-ms-flexbox;display:flex;margin:0;direction:ltr}.elementor-widget-divider--view-line_icon .elementor-divider-separator,.elementor-widget-divider--view-line_text .elementor-divider-separator{-webkit-box-align:center;-ms-flex-align:center;align-items:center}.elementor-widget-divider--view-line_icon .elementor-divider-separator:after,.elementor-widget-divider--view-line_icon .elementor-divider-separator:before,.elementor-widget-divider--view-line_text .elementor-divider-separator:after,.elementor-widget-divider--view-line_text .elementor-divider-separator:before{display:block;content:\"\";border-bottom:0;-webkit-box-flex:1;-ms-flex-positive:1;flex-grow:1;border-top:var(--divider-border-width) var(--divider-border-style) var(--divider-color)}.elementor-widget-divider--element-align-left .elementor-divider .elementor-divider-separator>.elementor-divider__svg:first-of-type{-webkit-box-flex:0;-ms-flex-positive:0;flex-grow:0;-ms-flex-negative:100;flex-shrink:100}.elementor-widget-divider--element-align-left .elementor-divider-separator:before{content:none}.elementor-widget-divider--element-align-left .elementor-divider__element{margin-left:0}.elementor-widget-divider--element-align-right .elementor-divider .elementor-divider-separator>.elementor-divider__svg:last-of-type{-webkit-box-flex:0;-ms-flex-positive:0;flex-grow:0;-ms-flex-negative:100;flex-shrink:100}.elementor-widget-divider--element-align-right .elementor-divider-separator:after{content:none}.elementor-widget-divider--element-align-right .elementor-divider__element{margin-right:0}.elementor-widget-divider:not(.elementor-widget-divider--view-line_text):not(.elementor-widget-divider--view-line_icon) .elementor-divider-separator{border-top:var(--divider-border-width) var(--divider-border-style) var(--divider-color)}.elementor-widget-divider--separator-type-pattern{--divider-border-style:none}.elementor-widget-divider--separator-type-pattern.elementor-widget-divider--view-line .elementor-divider-separator,.elementor-widget-divider--separator-type-pattern:not(.elementor-widget-divider--view-line) .elementor-divider-separator:after,.elementor-widget-divider--separator-type-pattern:not(.elementor-widget-divider--view-line) .elementor-divider-separator:before,.elementor-widget-divider--separator-type-pattern:not([class*=elementor-widget-divider--view]) .elementor-divider-separator{width:100%;min-height:var(--divider-pattern-height);-webkit-mask-size:var(--divider-pattern-size) 100%;mask-size:var(--divider-pattern-size) 100%;-webkit-mask-repeat:var(--divider-pattern-repeat);mask-repeat:var(--divider-pattern-repeat);background-color:var(--divider-color);-webkit-mask-image:var(--divider-pattern-url);mask-image:var(--divider-pattern-url)}.elementor-widget-divider--no-spacing{--divider-pattern-size:auto}.elementor-widget-divider--bg-round{--divider-pattern-repeat:round}.rtl .elementor-widget-divider .elementor-divider__text{direction:rtl}<\/style>\n<p><strong><em>Si sos alumno, egresado o parte del Centro Educativo Alem y tenes una historia para contar comunicate a germanzavala96@gmail.com <\/em><\/strong><\/p>\n<p><strong><em>\u00a1Te estamos buscando!<\/em><\/strong><\/p>\n","protected":false},"excerpt":{"rendered":"<p>La sucursal del Centro Educativo Alem en Paraguay firm\u00f3 un nuevo acuerdo con el Centro de Estudiantes de la Facultad de Derecho y Notariado de la Universidad Nacional de Asunci\u00f3n, \u00a1en el cual todos los estudiantes, familiares y comunidad en general de la universidad m\u00e1s grande del Paraguay podr\u00e1n acceder a nuestra oferta educativa con importantes descuentos.<\/p>\n","protected":false},"author":3,"featured_media":678,"comment_status":"open","ping_status":"open","sticky":false,"template":"","format":"standard","meta":[],"categories":[1],"tags":[4,9],"_links":{"self":[{"href":"http:\/\/centroeducativoalem.com\/novedades\/wp-json\/wp\/v2\/posts\/677"}],"collection":[{"href":"http:\/\/centroeducativoalem.com\/novedades\/wp-json\/wp\/v2\/posts"}],"about":[{"href":"http:\/\/centroeducativoalem.com\/novedades\/wp-json\/wp\/v2\/types\/post"}],"author":[{"embeddable":true,"href":"http:\/\/centroeducativoalem.com\/novedades\/wp-json\/wp\/v2\/users\/3"}],"replies":[{"embeddable":true,"href":"http:\/\/centroeducativoalem.com\/novedades\/wp-json\/wp\/v2\/comments?post=677"}],"version-history":[{"count":7,"href":"http:\/\/centroeducativoalem.com\/novedades\/wp-json\/wp\/v2\/posts\/677\/revisions"}],"predecessor-version":[{"id":687,"href":"http:\/\/centroeducativoalem.com\/novedades\/wp-json\/wp\/v2\/posts\/677\/revisions\/687"}],"wp:featuredmedia":[{"embeddable":true,"href":"http:\/\/centroeducativoalem.com\/novedades\/wp-json\/wp\/v2\/media\/678"}],"wp:attachment":[{"href":"http:\/\/centroeducativoalem.com\/novedades\/wp-json\/wp\/v2\/media?parent=677"}],"wp:term":[{"taxonomy":"category","embeddable":true,"href":"http:\/\/centroeducativoalem.com\/novedades\/wp-json\/wp\/v2\/categories?post=677"},{"taxonomy":"post_tag","embeddable":true,"href":"http:\/\/centroeducativoalem.com\/novedades\/wp-json\/wp\/v2\/tags?post=677"}],"curies":[{"name":"wp","href":"https:\/\/api.w.org\/{rel}","templated":true}]}}