{"id":671,"date":"2023-05-15T15:34:20","date_gmt":"2023-05-15T18:34:20","guid":{"rendered":"http:\/\/centroeducativoalem.com\/novedades\/?p=671"},"modified":"2023-05-18T16:39:03","modified_gmt":"2023-05-18T19:39:03","slug":"egresados-leonardo-santillan-torres-y-su-disfrute-en-el-camino-de-pasar-a-ser-tecnico-en-reparacion-de-celulares-a-docente-en-el-cea","status":"publish","type":"post","link":"http:\/\/centroeducativoalem.com\/novedades\/egresados-leonardo-santillan-torres-y-su-disfrute-en-el-camino-de-pasar-a-ser-tecnico-en-reparacion-de-celulares-a-docente-en-el-cea\/","title":{"rendered":"Egresados: Leonardo Santill\u00e1n Torres y su disfrute, en el camino de pasar a ser T\u00e9cnico en Reparaci\u00f3n de Celulares a docente en el CEA"},"content":{"rendered":"\t\t<div data-elementor-type=\"wp-post\" data-elementor-id=\"671\" class=\"elementor elementor-671\">\n\t\t\t\t\t\t\t\t\t<section class=\"elementor-section elementor-top-section elementor-element elementor-element-73f2d31 elementor-section-boxed elementor-section-height-default elementor-section-height-default\" data-id=\"73f2d31\" data-element_type=\"section\">\n\t\t\t\t\t\t<div class=\"elementor-container elementor-column-gap-default\">\n\t\t\t\t\t<div class=\"elementor-column elementor-col-100 elementor-top-column elementor-element elementor-element-02c38a8\" data-id=\"02c38a8\" data-element_type=\"column\">\n\t\t\t<div class=\"elementor-widget-wrap elementor-element-populated\">\n\t\t\t\t\t\t\t\t<div class=\"elementor-element elementor-element-954f0a1 elementor-drop-cap-yes elementor-drop-cap-view-default elementor-widget elementor-widget-text-editor\" data-id=\"954f0a1\" data-element_type=\"widget\" data-settings=\"{&quot;drop_cap&quot;:&quot;yes&quot;}\" data-widget_type=\"text-editor.default\">\n\t\t\t\t<div class=\"elementor-widget-container\">\n\t\t\t<style>\/*! elementor - v3.6.6 - 08-06-2022 *\/\n.elementor-widget-text-editor.elementor-drop-cap-view-stacked .elementor-drop-cap{background-color:#818a91;color:#fff}.elementor-widget-text-editor.elementor-drop-cap-view-framed .elementor-drop-cap{color:#818a91;border:3px solid;background-color:transparent}.elementor-widget-text-editor:not(.elementor-drop-cap-view-default) .elementor-drop-cap{margin-top:8px}.elementor-widget-text-editor:not(.elementor-drop-cap-view-default) .elementor-drop-cap-letter{width:1em;height:1em}.elementor-widget-text-editor .elementor-drop-cap{float:left;text-align:center;line-height:1;font-size:50px}.elementor-widget-text-editor .elementor-drop-cap-letter{display:inline-block}<\/style>\t\t\t\t<p>En un mundo que <span style=\"text-decoration: underline;\">con el correr de los d\u00edas se torna cada vez m\u00e1s <strong>digital<\/strong> por sobre otras cuestiones m\u00e1s anal\u00f3gicas<\/span>, el comprender los funcionamientos y solucionar sus errores se torna esencial para aumentar las posibilidades. <strong>Leonardo Santill\u00e1n Torres<\/strong> comenz\u00f3 su camino como estudiante de <strong>T\u00e9cnico en Reparaci\u00f3n de Celulares<\/strong> y <span style=\"text-decoration: underline;\">por su capacidad de sum\u00f3 al grupo de docentes<\/span>. \u201c<em>Disfrute mucho<\/em>\u201d, reconoci\u00f3 acerca de su recorrido en el <strong>Centro Educativo Alem<\/strong>.<\/p>\t\t\t\t\t\t<\/div>\n\t\t\t\t<\/div>\n\t\t\t\t<div class=\"elementor-element elementor-element-3dcf759 elementor-widget elementor-widget-image\" data-id=\"3dcf759\" data-element_type=\"widget\" data-widget_type=\"image.default\">\n\t\t\t\t<div class=\"elementor-widget-container\">\n\t\t\t<style>\/*! elementor - v3.6.6 - 08-06-2022 *\/\n.elementor-widget-image{text-align:center}.elementor-widget-image a{display:inline-block}.elementor-widget-image a img[src$=\".svg\"]{width:48px}.elementor-widget-image img{vertical-align:middle;display:inline-block}<\/style>\t\t\t\t\t\t\t\t\t\t\t\t<img decoding=\"async\" width=\"640\" height=\"853\" src=\"http:\/\/centroeducativoalem.com\/novedades\/wp-content\/uploads\/2023\/05\/Leonardo-Santillan-Torres-reparacion-de-celulares-768x1024.jpeg\" class=\"attachment-medium_large size-medium_large\" alt=\"\" loading=\"lazy\" srcset=\"http:\/\/centroeducativoalem.com\/novedades\/wp-content\/uploads\/2023\/05\/Leonardo-Santillan-Torres-reparacion-de-celulares-768x1024.jpeg 768w, http:\/\/centroeducativoalem.com\/novedades\/wp-content\/uploads\/2023\/05\/Leonardo-Santillan-Torres-reparacion-de-celulares-225x300.jpeg 225w, http:\/\/centroeducativoalem.com\/novedades\/wp-content\/uploads\/2023\/05\/Leonardo-Santillan-Torres-reparacion-de-celulares.jpeg 780w\" sizes=\"(max-width: 640px) 100vw, 640px\" \/>\t\t\t\t\t\t\t\t\t\t\t\t\t\t\t<\/div>\n\t\t\t\t<\/div>\n\t\t\t\t\t<\/div>\n\t\t<\/div>\n\t\t\t\t\t\t\t<\/div>\n\t\t<\/section>\n\t\t\t\t<section class=\"elementor-section elementor-top-section elementor-element elementor-element-f07e770 elementor-section-boxed elementor-section-height-default elementor-section-height-default\" data-id=\"f07e770\" data-element_type=\"section\">\n\t\t\t\t\t\t<div class=\"elementor-container elementor-column-gap-default\">\n\t\t\t\t\t<div class=\"elementor-column elementor-col-100 elementor-top-column elementor-element elementor-element-fe879b8\" data-id=\"fe879b8\" data-element_type=\"column\">\n\t\t\t<div class=\"elementor-widget-wrap elementor-element-populated\">\n\t\t\t\t\t\t\t\t<div class=\"elementor-element elementor-element-1fff242 elementor-widget elementor-widget-text-editor\" data-id=\"1fff242\" data-element_type=\"widget\" data-widget_type=\"text-editor.default\">\n\t\t\t\t<div class=\"elementor-widget-container\">\n\t\t\t\t\t\t\t<p>.<\/p><p>Si bien es cierto que cada vez <strong>la tecnolog\u00eda avanza con mayor velocidad<\/strong>, <span style=\"text-decoration: underline;\">las posibilidades que florecen detr\u00e1s cada vez son m\u00e1s<\/span> aprovechadas dentro de un mercado, que tambi\u00e9n exige preparaci\u00f3n y resoluci\u00f3n, pero que constantemente abre puertas laborales. Por su parte, <span style=\"text-decoration: underline;\"><strong>Leonardo<\/strong> fue uno de los alumnos m\u00e1s destacados de su comisi\u00f3n<\/span>, lo que le sirvi\u00f3 para abrir la puerta y ahora ocupar un lugar del otro lado del mostrador, con la responsabilidad de <strong>transmitir sus conocimientos<\/strong>.<\/p><p>\u201c<em>Yo empec\u00e9 el curso por curiosidad, no sab\u00eda nada del tema y hasta <span style=\"text-decoration: underline;\">en un principio me costaba imaginar c\u00f3mo ser\u00eda trabajar de t\u00e9cnico, pero disfrute mucho de mi cursada y todo lo que se vino despu\u00e9s<\/span>. De hecho, el <strong>CEA<\/strong> me lo hab\u00eda recomendado mi hermana, que ella hizo un curso de <strong>Auxiliar de Farmacia<\/strong> y le hab\u00eda ido bien, entonces despu\u00e9s de pensarlo tom\u00e9 la decisi\u00f3n de inscribirme<\/em>\u201d, se\u00f1al\u00f3 <strong>Leonardo<\/strong> sobre su primer acercamiento al <strong>Centro Educativo Alem<\/strong>.<\/p><p>En sinton\u00eda, <strong>Leonardo<\/strong> se refiri\u00f3 a sus compa\u00f1eros de cursada, para una capacitaci\u00f3n que culmin\u00f3 hace poco m\u00e1s de un a\u00f1o, en los pasillos de la instituci\u00f3n, ubicada en <strong>Avenida Meeks 427<\/strong>. \u201c<em>Con mis compa\u00f1eros de cursada <strong>siempre compartimos ideas y dudas<\/strong>, el ambiente siempre fue bueno y de respeto, incluso al terminar la cursada hicimos un grupo para hablar de trabajos y contactos<\/em>\u201d, remarc\u00f3, en <span style=\"text-decoration: underline;\">otra se\u00f1al de compa\u00f1erismo, que atraviesa las cuatro paredes del aula y se potencia con la virtualidad<\/span>.<\/p><p>A nivel laboral, <span style=\"text-decoration: underline;\">la reparaci\u00f3n de celulares brinda la oportunidad de conseguir empleo a trav\u00e9s de alguna contrataci\u00f3n por parte de empresas o servicios t\u00e9cnicos, como as\u00ed tambi\u00e9n comenzar el camino de emprendedurismo y progresar por cuenta propia<\/span>. Por su parte, <strong>Leonardo<\/strong> opt\u00f3 <strong>el camino de la educaci\u00f3n<\/strong>, <span style=\"text-decoration: underline;\">consciente de que no iba a ser sencillo y que deb\u00eda incorporar nuevos aspectos<\/span>, referidos a la comunicaci\u00f3n y aprendizaje. As\u00ed y todo, <span style=\"text-decoration: underline;\">no dud\u00f3 en tomar la determinaci\u00f3n de asumir el compromiso<\/span>.<\/p><p>Asimismo, gracias a la aceptaci\u00f3n del resto del equipo docente, <strong>Leonardo<\/strong> dio sus primeros pasos: &#8220;<em>Al principio tenia muchas dudas, pero el profe <strong>Julian<\/strong> me ayudo mucho, los primeros cursos que tuve fueron de \u00e9l y gracias a \u00e9l empece a trabajar de profesor. Obvio que <span style=\"text-decoration: underline;\">al principio cost\u00f3, pero yo confiaba mucho en lo que aprendi y tambien la onda con los alumnos ayudaba<\/span>. Incluso, ahora m\u00e1s asentado, el supervisor <strong>Osvaldo<\/strong> me sigue dando clases y ayudando a mejorar<\/em>.&#8221;<\/p>\t\t\t\t\t\t<\/div>\n\t\t\t\t<\/div>\n\t\t\t\t<div class=\"elementor-element elementor-element-00dffbc elementor-widget elementor-widget-text-editor\" data-id=\"00dffbc\" data-element_type=\"widget\" data-widget_type=\"text-editor.default\">\n\t\t\t\t<div class=\"elementor-widget-container\">\n\t\t\t\t\t\t\t\t\t\t\t\t\t<\/div>\n\t\t\t\t<\/div>\n\t\t\t\t\t<\/div>\n\t\t<\/div>\n\t\t\t\t\t\t\t<\/div>\n\t\t<\/section>\n\t\t\t\t<section class=\"elementor-section elementor-top-section elementor-element elementor-element-f200dcd elementor-section-boxed elementor-section-height-default elementor-section-height-default\" data-id=\"f200dcd\" data-element_type=\"section\">\n\t\t\t\t\t\t<div class=\"elementor-container elementor-column-gap-default\">\n\t\t\t\t\t<div class=\"elementor-column elementor-col-100 elementor-top-column elementor-element elementor-element-91982c6\" data-id=\"91982c6\" data-element_type=\"column\">\n\t\t\t<div class=\"elementor-widget-wrap elementor-element-populated\">\n\t\t\t\t\t\t\t\t<div class=\"elementor-element elementor-element-de64498 elementor-widget elementor-widget-image\" data-id=\"de64498\" data-element_type=\"widget\" data-widget_type=\"image.default\">\n\t\t\t\t<div class=\"elementor-widget-container\">\n\t\t\t\t\t\t\t\t\t\t\t\t\t\t\t<img decoding=\"async\" width=\"640\" height=\"360\" src=\"http:\/\/centroeducativoalem.com\/novedades\/wp-content\/uploads\/2023\/05\/Leonardo-Santillan-Torres-reparacion-celulares-768x432.jpg\" class=\"attachment-medium_large size-medium_large\" alt=\"\" loading=\"lazy\" srcset=\"http:\/\/centroeducativoalem.com\/novedades\/wp-content\/uploads\/2023\/05\/Leonardo-Santillan-Torres-reparacion-celulares-768x432.jpg 768w, http:\/\/centroeducativoalem.com\/novedades\/wp-content\/uploads\/2023\/05\/Leonardo-Santillan-Torres-reparacion-celulares-300x169.jpg 300w, http:\/\/centroeducativoalem.com\/novedades\/wp-content\/uploads\/2023\/05\/Leonardo-Santillan-Torres-reparacion-celulares-1024x576.jpg 1024w, http:\/\/centroeducativoalem.com\/novedades\/wp-content\/uploads\/2023\/05\/Leonardo-Santillan-Torres-reparacion-celulares-1536x864.jpg 1536w, http:\/\/centroeducativoalem.com\/novedades\/wp-content\/uploads\/2023\/05\/Leonardo-Santillan-Torres-reparacion-celulares.jpg 1600w\" sizes=\"(max-width: 640px) 100vw, 640px\" \/>\t\t\t\t\t\t\t\t\t\t\t\t\t\t\t<\/div>\n\t\t\t\t<\/div>\n\t\t\t\t\t<\/div>\n\t\t<\/div>\n\t\t\t\t\t\t\t<\/div>\n\t\t<\/section>\n\t\t\t\t<section class=\"elementor-section elementor-top-section elementor-element elementor-element-fa3a8cd elementor-section-boxed elementor-section-height-default elementor-section-height-default\" data-id=\"fa3a8cd\" data-element_type=\"section\">\n\t\t\t\t\t\t<div class=\"elementor-container elementor-column-gap-default\">\n\t\t\t\t\t<div class=\"elementor-column elementor-col-100 elementor-top-column elementor-element elementor-element-cf15d15\" data-id=\"cf15d15\" data-element_type=\"column\">\n\t\t\t<div class=\"elementor-widget-wrap elementor-element-populated\">\n\t\t\t\t\t\t\t\t<div class=\"elementor-element elementor-element-2a9ca63 elementor-widget elementor-widget-text-editor\" data-id=\"2a9ca63\" data-element_type=\"widget\" data-widget_type=\"text-editor.default\">\n\t\t\t\t<div class=\"elementor-widget-container\">\n\t\t\t\t\t\t\t<p>El <strong>docente<\/strong> tambi\u00e9n tuvo <strong>palabras optimistas<\/strong> para lo que respecta a la <span style=\"text-decoration: underline;\">introducci\u00f3n del mercado laboral y sus complejas exigencias<\/span> de t\u00e9cnicos m\u00e1s preparados y que logren actualizarse ante la gran velocidad de innovaci\u00f3n que presenta el sector. \u201c<em>En esta <strong>\u00e9poca de conectividad y globalizaci\u00f3n de la tecnolog\u00eda<\/strong>, creo que aporta much\u00edsimo tener estos conocimientos, incluso hasta en la cotidianidad<\/em>\u201d.<\/p><p>Por \u00faltimo, <strong>Leonardo<\/strong> tuvo palabras para aquellos que ven con buenos ojos la posibilidad de convertirse en docentes, luego de finalizar su capacitaci\u00f3n como t\u00e9cnicos en <strong>Reparaci\u00f3n de Celulares<\/strong>: \u201c<em>Elegir la docencia depende de la voluntad de cada uno, pero si tienen paciencia y tiempo, si es un camino recomendable. Tambi\u00e9n es necesario tener iniciativa para tambi\u00e9n investigar y aprender cosas por tu cuenta, para despu\u00e9s trasladarlo al resto<\/em>\u201d.<\/p>\t\t\t\t\t\t<\/div>\n\t\t\t\t<\/div>\n\t\t\t\t<div class=\"elementor-element elementor-element-8afe8a6 elementor-widget__width-initial elementor-widget elementor-widget-image\" data-id=\"8afe8a6\" data-element_type=\"widget\" data-widget_type=\"image.default\">\n\t\t\t\t<div class=\"elementor-widget-container\">\n\t\t\t\t\t\t\t\t\t\t\t\t\t\t\t\t<a href=\"http:\/\/www.centroeducativoalem.com\/novedades\">\n\t\t\t\t\t\t\t<img decoding=\"async\" width=\"512\" height=\"512\" src=\"http:\/\/centroeducativoalem.com\/novedades\/wp-content\/uploads\/2021\/11\/flecha.png\" class=\"attachment-full size-full\" alt=\"\" loading=\"lazy\" srcset=\"http:\/\/centroeducativoalem.com\/novedades\/wp-content\/uploads\/2021\/11\/flecha.png 512w, http:\/\/centroeducativoalem.com\/novedades\/wp-content\/uploads\/2021\/11\/flecha-300x300.png 300w, http:\/\/centroeducativoalem.com\/novedades\/wp-content\/uploads\/2021\/11\/flecha-150x150.png 150w\" sizes=\"(max-width: 512px) 100vw, 512px\" \/>\t\t\t\t\t\t\t\t<\/a>\n\t\t\t\t\t\t\t\t\t\t\t\t\t\t\t<\/div>\n\t\t\t\t<\/div>\n\t\t\t\t<div class=\"elementor-element elementor-element-afae770 elementor-widget elementor-widget-heading\" data-id=\"afae770\" data-element_type=\"widget\" data-widget_type=\"heading.default\">\n\t\t\t\t<div class=\"elementor-widget-container\">\n\t\t\t<style>\/*! elementor - v3.6.6 - 08-06-2022 *\/\n.elementor-heading-title{padding:0;margin:0;line-height:1}.elementor-widget-heading .elementor-heading-title[class*=elementor-size-]>a{color:inherit;font-size:inherit;line-height:inherit}.elementor-widget-heading .elementor-heading-title.elementor-size-small{font-size:15px}.elementor-widget-heading .elementor-heading-title.elementor-size-medium{font-size:19px}.elementor-widget-heading .elementor-heading-title.elementor-size-large{font-size:29px}.elementor-widget-heading .elementor-heading-title.elementor-size-xl{font-size:39px}.elementor-widget-heading .elementor-heading-title.elementor-size-xxl{font-size:59px}<\/style><div class=\"elementor-heading-title elementor-size-default\"><a href=\"http:\/\/www.centroeducativoalem.com\/novedades\">Volver<\/a><\/div>\t\t<\/div>\n\t\t\t\t<\/div>\n\t\t\t\t\t<\/div>\n\t\t<\/div>\n\t\t\t\t\t\t\t<\/div>\n\t\t<\/section>\n\t\t\t\t<section class=\"elementor-section elementor-top-section elementor-element elementor-element-0a8db3d elementor-section-boxed elementor-section-height-default elementor-section-height-default\" data-id=\"0a8db3d\" data-element_type=\"section\">\n\t\t\t\t\t\t<div class=\"elementor-container elementor-column-gap-default\">\n\t\t\t\t\t<div class=\"elementor-column elementor-col-100 elementor-top-column elementor-element elementor-element-0dbe56e\" data-id=\"0dbe56e\" data-element_type=\"column\">\n\t\t\t<div class=\"elementor-widget-wrap elementor-element-populated\">\n\t\t\t\t\t\t\t\t<div class=\"elementor-element elementor-element-be3eb57 elementor-widget-divider--view-line elementor-widget elementor-widget-divider\" data-id=\"be3eb57\" data-element_type=\"widget\" data-widget_type=\"divider.default\">\n\t\t\t\t<div class=\"elementor-widget-container\">\n\t\t\t<style>\/*! elementor - v3.6.6 - 08-06-2022 *\/\n.elementor-widget-divider{--divider-border-style:none;--divider-border-width:1px;--divider-color:#2c2c2c;--divider-icon-size:20px;--divider-element-spacing:10px;--divider-pattern-height:24px;--divider-pattern-size:20px;--divider-pattern-url:none;--divider-pattern-repeat:repeat-x}.elementor-widget-divider .elementor-divider{display:-webkit-box;display:-ms-flexbox;display:flex}.elementor-widget-divider .elementor-divider__text{font-size:15px;line-height:1;max-width:95%}.elementor-widget-divider .elementor-divider__element{margin:0 var(--divider-element-spacing);-ms-flex-negative:0;flex-shrink:0}.elementor-widget-divider .elementor-icon{font-size:var(--divider-icon-size)}.elementor-widget-divider .elementor-divider-separator{display:-webkit-box;display:-ms-flexbox;display:flex;margin:0;direction:ltr}.elementor-widget-divider--view-line_icon .elementor-divider-separator,.elementor-widget-divider--view-line_text .elementor-divider-separator{-webkit-box-align:center;-ms-flex-align:center;align-items:center}.elementor-widget-divider--view-line_icon .elementor-divider-separator:after,.elementor-widget-divider--view-line_icon .elementor-divider-separator:before,.elementor-widget-divider--view-line_text .elementor-divider-separator:after,.elementor-widget-divider--view-line_text .elementor-divider-separator:before{display:block;content:\"\";border-bottom:0;-webkit-box-flex:1;-ms-flex-positive:1;flex-grow:1;border-top:var(--divider-border-width) var(--divider-border-style) var(--divider-color)}.elementor-widget-divider--element-align-left .elementor-divider .elementor-divider-separator>.elementor-divider__svg:first-of-type{-webkit-box-flex:0;-ms-flex-positive:0;flex-grow:0;-ms-flex-negative:100;flex-shrink:100}.elementor-widget-divider--element-align-left .elementor-divider-separator:before{content:none}.elementor-widget-divider--element-align-left .elementor-divider__element{margin-left:0}.elementor-widget-divider--element-align-right .elementor-divider .elementor-divider-separator>.elementor-divider__svg:last-of-type{-webkit-box-flex:0;-ms-flex-positive:0;flex-grow:0;-ms-flex-negative:100;flex-shrink:100}.elementor-widget-divider--element-align-right .elementor-divider-separator:after{content:none}.elementor-widget-divider--element-align-right .elementor-divider__element{margin-right:0}.elementor-widget-divider:not(.elementor-widget-divider--view-line_text):not(.elementor-widget-divider--view-line_icon) .elementor-divider-separator{border-top:var(--divider-border-width) var(--divider-border-style) var(--divider-color)}.elementor-widget-divider--separator-type-pattern{--divider-border-style:none}.elementor-widget-divider--separator-type-pattern.elementor-widget-divider--view-line .elementor-divider-separator,.elementor-widget-divider--separator-type-pattern:not(.elementor-widget-divider--view-line) .elementor-divider-separator:after,.elementor-widget-divider--separator-type-pattern:not(.elementor-widget-divider--view-line) .elementor-divider-separator:before,.elementor-widget-divider--separator-type-pattern:not([class*=elementor-widget-divider--view]) .elementor-divider-separator{width:100%;min-height:var(--divider-pattern-height);-webkit-mask-size:var(--divider-pattern-size) 100%;mask-size:var(--divider-pattern-size) 100%;-webkit-mask-repeat:var(--divider-pattern-repeat);mask-repeat:var(--divider-pattern-repeat);background-color:var(--divider-color);-webkit-mask-image:var(--divider-pattern-url);mask-image:var(--divider-pattern-url)}.elementor-widget-divider--no-spacing{--divider-pattern-size:auto}.elementor-widget-divider--bg-round{--divider-pattern-repeat:round}.rtl .elementor-widget-divider .elementor-divider__text{direction:rtl}<\/style>\t\t<div class=\"elementor-divider\">\n\t\t\t<span class=\"elementor-divider-separator\">\n\t\t\t\t\t\t<\/span>\n\t\t<\/div>\n\t\t\t\t<\/div>\n\t\t\t\t<\/div>\n\t\t\t\t\t<\/div>\n\t\t<\/div>\n\t\t\t\t\t\t\t<\/div>\n\t\t<\/section>\n\t\t\t\t<section class=\"elementor-section elementor-top-section elementor-element elementor-element-463d7de elementor-section-boxed elementor-section-height-default elementor-section-height-default\" data-id=\"463d7de\" data-element_type=\"section\">\n\t\t\t\t\t\t<div class=\"elementor-container elementor-column-gap-default\">\n\t\t\t\t\t<div class=\"elementor-column elementor-col-100 elementor-top-column elementor-element elementor-element-65a12d3\" data-id=\"65a12d3\" data-element_type=\"column\">\n\t\t\t<div class=\"elementor-widget-wrap elementor-element-populated\">\n\t\t\t\t\t\t\t\t<div class=\"elementor-element elementor-element-8e2d3b5 elementor-widget elementor-widget-text-editor\" data-id=\"8e2d3b5\" data-element_type=\"widget\" data-widget_type=\"text-editor.default\">\n\t\t\t\t<div class=\"elementor-widget-container\">\n\t\t\t\t\t\t\t<p><strong><span style=\"text-decoration: underline;\"><em>Si sos alumno, egresado o parte del Centro Educativo Alem y tenes una historia para contar comunicate a germanzavala96@gmail.com <\/em><\/span><\/strong><\/p><p><strong><span style=\"text-decoration: underline;\"><em>\u00a1Te estamos buscando!<\/em><\/span><\/strong><\/p>\t\t\t\t\t\t<\/div>\n\t\t\t\t<\/div>\n\t\t\t\t\t<\/div>\n\t\t<\/div>\n\t\t\t\t\t\t\t<\/div>\n\t\t<\/section>\n\t\t\t\t<section class=\"elementor-section elementor-top-section elementor-element elementor-element-07a1b1b elementor-section-boxed elementor-section-height-default elementor-section-height-default\" data-id=\"07a1b1b\" data-element_type=\"section\">\n\t\t\t\t\t\t<div class=\"elementor-container elementor-column-gap-default\">\n\t\t\t\t\t<div class=\"elementor-column elementor-col-100 elementor-top-column elementor-element elementor-element-b66f6d9\" data-id=\"b66f6d9\" data-element_type=\"column\">\n\t\t\t<div class=\"elementor-widget-wrap\">\n\t\t\t\t\t\t\t\t\t<\/div>\n\t\t<\/div>\n\t\t\t\t\t\t\t<\/div>\n\t\t<\/section>\n\t\t\t\t\t\t\t<\/div>\n\t\t","protected":false},"excerpt":{"rendered":"<p>Leonardo Santill\u00e1n Torres comenz\u00f3 su camino como T\u00e9cnico en Reparaci\u00f3n de Celulares y por su capacidad y responsabilidad tuvo una oportunidad que no desaprovech\u00f3, para sumarse al cuerpo docente de la capacitaci\u00f3n. &#8220;Yo empec\u00e9 el curso por curiosidad, no sab\u00eda nada del tema, pero disfrute mucho de mi cursada y todo lo que se vino despu\u00e9s&#8221;, cont\u00f3 tras casi un a\u00f1o de v\u00ednculo con el Centro Educativo Alem.<\/p>\n","protected":false},"author":3,"featured_media":673,"comment_status":"open","ping_status":"open","sticky":false,"template":"","format":"standard","meta":[],"categories":[1],"tags":[4,7],"_links":{"self":[{"href":"http:\/\/centroeducativoalem.com\/novedades\/wp-json\/wp\/v2\/posts\/671"}],"collection":[{"href":"http:\/\/centroeducativoalem.com\/novedades\/wp-json\/wp\/v2\/posts"}],"about":[{"href":"http:\/\/centroeducativoalem.com\/novedades\/wp-json\/wp\/v2\/types\/post"}],"author":[{"embeddable":true,"href":"http:\/\/centroeducativoalem.com\/novedades\/wp-json\/wp\/v2\/users\/3"}],"replies":[{"embeddable":true,"href":"http:\/\/centroeducativoalem.com\/novedades\/wp-json\/wp\/v2\/comments?post=671"}],"version-history":[{"count":4,"href":"http:\/\/centroeducativoalem.com\/novedades\/wp-json\/wp\/v2\/posts\/671\/revisions"}],"predecessor-version":[{"id":688,"href":"http:\/\/centroeducativoalem.com\/novedades\/wp-json\/wp\/v2\/posts\/671\/revisions\/688"}],"wp:featuredmedia":[{"embeddable":true,"href":"http:\/\/centroeducativoalem.com\/novedades\/wp-json\/wp\/v2\/media\/673"}],"wp:attachment":[{"href":"http:\/\/centroeducativoalem.com\/novedades\/wp-json\/wp\/v2\/media?parent=671"}],"wp:term":[{"taxonomy":"category","embeddable":true,"href":"http:\/\/centroeducativoalem.com\/novedades\/wp-json\/wp\/v2\/categories?post=671"},{"taxonomy":"post_tag","embeddable":true,"href":"http:\/\/centroeducativoalem.com\/novedades\/wp-json\/wp\/v2\/tags?post=671"}],"curies":[{"name":"wp","href":"https:\/\/api.w.org\/{rel}","templated":true}]}}