{"id":632,"date":"2023-03-08T11:18:30","date_gmt":"2023-03-08T14:18:30","guid":{"rendered":"http:\/\/centroeducativoalem.com\/novedades\/?p=632"},"modified":"2023-03-08T11:28:47","modified_gmt":"2023-03-08T14:28:47","slug":"egresados-talia-molina-potencia-sus-cualidades-laborales-gracias-a-su-preparacion-como-acompanante-terapeutico","status":"publish","type":"post","link":"http:\/\/centroeducativoalem.com\/novedades\/egresados-talia-molina-potencia-sus-cualidades-laborales-gracias-a-su-preparacion-como-acompanante-terapeutico\/","title":{"rendered":"Egresados: Tal\u00eda Molina potencia sus cualidades laborales gracias a su preparaci\u00f3n como Acompa\u00f1ante Terap\u00e9utico"},"content":{"rendered":"\t\t<div data-elementor-type=\"wp-post\" data-elementor-id=\"632\" class=\"elementor elementor-632\">\n\t\t\t\t\t\t\t\t\t<section class=\"elementor-section elementor-top-section elementor-element elementor-element-73f2d31 elementor-section-boxed elementor-section-height-default elementor-section-height-default\" data-id=\"73f2d31\" data-element_type=\"section\">\n\t\t\t\t\t\t<div class=\"elementor-container elementor-column-gap-default\">\n\t\t\t\t\t<div class=\"elementor-column elementor-col-100 elementor-top-column elementor-element elementor-element-02c38a8\" data-id=\"02c38a8\" data-element_type=\"column\">\n\t\t\t<div class=\"elementor-widget-wrap elementor-element-populated\">\n\t\t\t\t\t\t\t\t<div class=\"elementor-element elementor-element-954f0a1 elementor-drop-cap-yes elementor-drop-cap-view-default elementor-widget elementor-widget-text-editor\" data-id=\"954f0a1\" data-element_type=\"widget\" data-settings=\"{&quot;drop_cap&quot;:&quot;yes&quot;}\" data-widget_type=\"text-editor.default\">\n\t\t\t\t<div class=\"elementor-widget-container\">\n\t\t\t<style>\/*! elementor - v3.6.6 - 08-06-2022 *\/\n.elementor-widget-text-editor.elementor-drop-cap-view-stacked .elementor-drop-cap{background-color:#818a91;color:#fff}.elementor-widget-text-editor.elementor-drop-cap-view-framed .elementor-drop-cap{color:#818a91;border:3px solid;background-color:transparent}.elementor-widget-text-editor:not(.elementor-drop-cap-view-default) .elementor-drop-cap{margin-top:8px}.elementor-widget-text-editor:not(.elementor-drop-cap-view-default) .elementor-drop-cap-letter{width:1em;height:1em}.elementor-widget-text-editor .elementor-drop-cap{float:left;text-align:center;line-height:1;font-size:50px}.elementor-widget-text-editor .elementor-drop-cap-letter{display:inline-block}<\/style>\t\t\t\t<p class=\"MsoNormal\" style=\"text-align: left;\">Los <strong>profesionales<\/strong> componen sus aptitudes sumando una <span style=\"text-decoration: underline;\">interesante mezcla de conocimientos te\u00f3ricos con pr\u00e1cticos<\/span>. Esta uni\u00f3n le permite potenciar sus cualidades dentro de una vocaci\u00f3n y muchas veces el crecimiento deriva en aportarle m\u00e1s herramientas a ambas partes. En el caso de <strong>Tal\u00eda Molina<\/strong>, hace a\u00f1os trabaja al cuidado de personas mayores y en los \u00faltimos meses se egres\u00f3 en <strong>Acompa\u00f1ante Terap\u00e9utico<\/strong> en el <strong>Centro Educativo Alem<\/strong>.<\/p>\t\t\t\t\t\t<\/div>\n\t\t\t\t<\/div>\n\t\t\t\t<div class=\"elementor-element elementor-element-3dcf759 elementor-widget elementor-widget-image\" data-id=\"3dcf759\" data-element_type=\"widget\" data-widget_type=\"image.default\">\n\t\t\t\t<div class=\"elementor-widget-container\">\n\t\t\t<style>\/*! elementor - v3.6.6 - 08-06-2022 *\/\n.elementor-widget-image{text-align:center}.elementor-widget-image a{display:inline-block}.elementor-widget-image a img[src$=\".svg\"]{width:48px}.elementor-widget-image img{vertical-align:middle;display:inline-block}<\/style>\t\t\t\t\t\t\t\t\t\t\t\t<img decoding=\"async\" width=\"640\" height=\"1137\" src=\"http:\/\/centroeducativoalem.com\/novedades\/wp-content\/uploads\/2023\/03\/WhatsApp-Image-2023-02-28-at-16.27.08-768x1364.jpeg\" class=\"attachment-medium_large size-medium_large\" alt=\"\" loading=\"lazy\" srcset=\"http:\/\/centroeducativoalem.com\/novedades\/wp-content\/uploads\/2023\/03\/WhatsApp-Image-2023-02-28-at-16.27.08-768x1364.jpeg 768w, http:\/\/centroeducativoalem.com\/novedades\/wp-content\/uploads\/2023\/03\/WhatsApp-Image-2023-02-28-at-16.27.08-169x300.jpeg 169w, http:\/\/centroeducativoalem.com\/novedades\/wp-content\/uploads\/2023\/03\/WhatsApp-Image-2023-02-28-at-16.27.08-577x1024.jpeg 577w, http:\/\/centroeducativoalem.com\/novedades\/wp-content\/uploads\/2023\/03\/WhatsApp-Image-2023-02-28-at-16.27.08-865x1536.jpeg 865w, http:\/\/centroeducativoalem.com\/novedades\/wp-content\/uploads\/2023\/03\/WhatsApp-Image-2023-02-28-at-16.27.08.jpeg 901w\" sizes=\"(max-width: 640px) 100vw, 640px\" \/>\t\t\t\t\t\t\t\t\t\t\t\t\t\t\t<\/div>\n\t\t\t\t<\/div>\n\t\t\t\t\t<\/div>\n\t\t<\/div>\n\t\t\t\t\t\t\t<\/div>\n\t\t<\/section>\n\t\t\t\t<section class=\"elementor-section elementor-top-section elementor-element elementor-element-f07e770 elementor-section-boxed elementor-section-height-default elementor-section-height-default\" data-id=\"f07e770\" data-element_type=\"section\">\n\t\t\t\t\t\t<div class=\"elementor-container elementor-column-gap-default\">\n\t\t\t\t\t<div class=\"elementor-column elementor-col-100 elementor-top-column elementor-element elementor-element-fe879b8\" data-id=\"fe879b8\" data-element_type=\"column\">\n\t\t\t<div class=\"elementor-widget-wrap elementor-element-populated\">\n\t\t\t\t\t\t\t\t<div class=\"elementor-element elementor-element-1fff242 elementor-widget elementor-widget-text-editor\" data-id=\"1fff242\" data-element_type=\"widget\" data-widget_type=\"text-editor.default\">\n\t\t\t\t<div class=\"elementor-widget-container\">\n\t\t\t\t\t\t\t<p>.<\/p><p>Conscientes de que <strong>la salud mental cada vez adquiere nuevos saberes<\/strong>, la obligaci\u00f3n de cada uno de sus trabajadores es la de actualizarse, en funci\u00f3n de poder solucionar los inconvenientes que poseen cada uno de sus pacientes y de este modo, <span style=\"text-decoration: underline;\">brindarle posibilidades para acceder a una mejor calidad de vida<\/span>.<\/p><p>En el caso de <strong>Tal\u00eda<\/strong>, hace m\u00e1s de cinco a\u00f1os que <span style=\"text-decoration: underline;\">dedica su vida laboral al cuidado y compa\u00f1\u00eda de personas mayores<\/span>, pero la protagonista opt\u00f3 por no quedarse solamente con las habilidades pone en pr\u00e1ctica cada jornada, sino que tambi\u00e9n apunt\u00f3 a <strong>potenciar su aspecto te\u00f3rico<\/strong>.<\/p><p>As\u00ed fue c\u00f3mo decidi\u00f3 por inscribirse en el <strong>Centro Educativo Alem<\/strong> para afrontar la capacitaci\u00f3n en <strong>Acompa\u00f1ante Terap\u00e9utico<\/strong>, algo que le dar\u00e1 la llave para abrir mejores puestas. \u201c<em>La verdad que decidir tomar el curso de acompa\u00f1ante terap\u00e9utico <span style=\"text-decoration: underline;\">fue una hermosa decisi\u00f3n<\/span>, si bien trabajo hace m\u00e1s de 5 a\u00f1os, necesitaba capacitarme un poco m\u00e1s y sumarle el t\u00edtulo<\/em>\u201d.<\/p><p>En sinton\u00eda, coment\u00f3 c\u00f3mo fue su <strong>recorrido acad\u00e9mico<\/strong> por el instituto: \u201c<em>Me cost\u00f3, pero es una experiencia hermosa, <span style=\"text-decoration: underline;\">la amabilidad y dedicaci\u00f3n del <strong>profesor Pablo<\/strong> al explicar cada contenido es genial, tiene mucha paciencia y se nota que ama su profesi\u00f3n<\/span>. La verdad se hizo un grupo hermoso con un profe fant\u00e1stico<\/em>\u201d.<\/p><p>A su vez, <span style=\"text-decoration: underline;\">su familia fue elemental para la obtenci\u00f3n del <strong>certificado final<\/strong><\/span>, por su apoyo incondicional. \u201c<em>Mi pareja cuidaba a mi beb\u00e9 porque las nenas m\u00e1s grande estaban en el colegio y jard\u00edn. Nos acomod\u00e1bamos para acompa\u00f1arlas hasta el colegio y desde ah\u00ed yo me iba a estudiar<\/em>\u201d.<\/p>\t\t\t\t\t\t<\/div>\n\t\t\t\t<\/div>\n\t\t\t\t<div class=\"elementor-element elementor-element-00dffbc elementor-widget elementor-widget-text-editor\" data-id=\"00dffbc\" data-element_type=\"widget\" data-widget_type=\"text-editor.default\">\n\t\t\t\t<div class=\"elementor-widget-container\">\n\t\t\t\t\t\t\t\t\t\t\t\t\t<\/div>\n\t\t\t\t<\/div>\n\t\t\t\t\t<\/div>\n\t\t<\/div>\n\t\t\t\t\t\t\t<\/div>\n\t\t<\/section>\n\t\t\t\t<section class=\"elementor-section elementor-top-section elementor-element elementor-element-f200dcd elementor-section-boxed elementor-section-height-default elementor-section-height-default\" data-id=\"f200dcd\" data-element_type=\"section\">\n\t\t\t\t\t\t<div class=\"elementor-container elementor-column-gap-default\">\n\t\t\t\t\t<div class=\"elementor-column elementor-col-100 elementor-top-column elementor-element elementor-element-91982c6\" data-id=\"91982c6\" data-element_type=\"column\">\n\t\t\t<div class=\"elementor-widget-wrap elementor-element-populated\">\n\t\t\t\t\t\t\t\t<div class=\"elementor-element elementor-element-de64498 elementor-widget elementor-widget-image\" data-id=\"de64498\" data-element_type=\"widget\" data-widget_type=\"image.default\">\n\t\t\t\t<div class=\"elementor-widget-container\">\n\t\t\t\t\t\t\t\t\t\t\t\t\t\t\t<img decoding=\"async\" width=\"640\" height=\"714\" src=\"http:\/\/centroeducativoalem.com\/novedades\/wp-content\/uploads\/2023\/03\/WhatsApp-Image-2023-02-28-at-16.27.08-1-768x857.jpeg\" class=\"attachment-medium_large size-medium_large\" alt=\"\" loading=\"lazy\" srcset=\"http:\/\/centroeducativoalem.com\/novedades\/wp-content\/uploads\/2023\/03\/WhatsApp-Image-2023-02-28-at-16.27.08-1-768x857.jpeg 768w, http:\/\/centroeducativoalem.com\/novedades\/wp-content\/uploads\/2023\/03\/WhatsApp-Image-2023-02-28-at-16.27.08-1-269x300.jpeg 269w, http:\/\/centroeducativoalem.com\/novedades\/wp-content\/uploads\/2023\/03\/WhatsApp-Image-2023-02-28-at-16.27.08-1-918x1024.jpeg 918w, http:\/\/centroeducativoalem.com\/novedades\/wp-content\/uploads\/2023\/03\/WhatsApp-Image-2023-02-28-at-16.27.08-1.jpeg 989w\" sizes=\"(max-width: 640px) 100vw, 640px\" \/>\t\t\t\t\t\t\t\t\t\t\t\t\t\t\t<\/div>\n\t\t\t\t<\/div>\n\t\t\t\t\t<\/div>\n\t\t<\/div>\n\t\t\t\t\t\t\t<\/div>\n\t\t<\/section>\n\t\t\t\t<section class=\"elementor-section elementor-top-section elementor-element elementor-element-fa3a8cd elementor-section-boxed elementor-section-height-default elementor-section-height-default\" data-id=\"fa3a8cd\" data-element_type=\"section\">\n\t\t\t\t\t\t<div class=\"elementor-container elementor-column-gap-default\">\n\t\t\t\t\t<div class=\"elementor-column elementor-col-100 elementor-top-column elementor-element elementor-element-cf15d15\" data-id=\"cf15d15\" data-element_type=\"column\">\n\t\t\t<div class=\"elementor-widget-wrap elementor-element-populated\">\n\t\t\t\t\t\t\t\t<div class=\"elementor-element elementor-element-2a9ca63 elementor-widget elementor-widget-text-editor\" data-id=\"2a9ca63\" data-element_type=\"widget\" data-widget_type=\"text-editor.default\">\n\t\t\t\t<div class=\"elementor-widget-container\">\n\t\t\t\t\t\t\t<p>Por otro lado, se refiri\u00f3 al <strong>grupo de trabajo<\/strong> que la acompa\u00f1\u00f3 durante su proceso de aprendizaje, al que catalog\u00f3 como \u201c<em>muy positivo<\/em>\u201d. \u201c<em>Me llevo muy bien y a\u00fan tenemos contacto con un grupo entre nosotros. Algunos de mis compa\u00f1eros est\u00e1n haciendo el curso de <strong>Autismo<\/strong> y pidieron todos que se abrieran con el mismo profesor. <strong>La verdad es un grupo super lindo y son\u00a0 muy compa\u00f1eros todos<\/strong>. En mi caso, me cuesta socializar fuera del entorno trabajo y dudaba mucho en estudiar, porque hace a\u00f1os hab\u00eda terminado la secundaria y <span style=\"text-decoration: underline;\">pens\u00e9 que iba a ser dif\u00edcil, pero por suerte no me result\u00f3 imposible<\/span><\/em>&#8220;.<\/p><p>\u201c<span style=\"text-decoration: underline;\"><em>Aliento mucho a que tomen el curso para seguir capacitandose uno e ir form\u00e1ndose con m\u00e1s contenido<\/em><\/span>\u201d, valor\u00f3 la protagonistas de esta historia, que dej\u00f3 en claro que no culmin\u00f3 su etapa de preparaci\u00f3n, dado que tiene en mente seguir por m\u00e1s: \u201c<em>Continuar\u00eda con <strong>Asistencia Geri\u00e1trica<\/strong>, que desde los 20 a\u00f1os trabajo con personas mayores, creo que est\u00e1 bueno aprender un m\u00e1s, pero <strong>Estimulaci\u00f3n Temprana<\/strong> me gusta tambi\u00e9n. Creo que ser\u00eda bueno para capacitarme m\u00e1s<\/em>\u201d.<\/p>\t\t\t\t\t\t<\/div>\n\t\t\t\t<\/div>\n\t\t\t\t<div class=\"elementor-element elementor-element-8afe8a6 elementor-widget__width-initial elementor-widget elementor-widget-image\" data-id=\"8afe8a6\" data-element_type=\"widget\" data-widget_type=\"image.default\">\n\t\t\t\t<div class=\"elementor-widget-container\">\n\t\t\t\t\t\t\t\t\t\t\t\t\t\t\t\t<a href=\"http:\/\/www.centroeducativoalem.com\/novedades\">\n\t\t\t\t\t\t\t<img decoding=\"async\" width=\"512\" height=\"512\" src=\"http:\/\/centroeducativoalem.com\/novedades\/wp-content\/uploads\/2021\/11\/flecha.png\" class=\"attachment-full size-full\" alt=\"\" loading=\"lazy\" srcset=\"http:\/\/centroeducativoalem.com\/novedades\/wp-content\/uploads\/2021\/11\/flecha.png 512w, http:\/\/centroeducativoalem.com\/novedades\/wp-content\/uploads\/2021\/11\/flecha-300x300.png 300w, http:\/\/centroeducativoalem.com\/novedades\/wp-content\/uploads\/2021\/11\/flecha-150x150.png 150w\" sizes=\"(max-width: 512px) 100vw, 512px\" \/>\t\t\t\t\t\t\t\t<\/a>\n\t\t\t\t\t\t\t\t\t\t\t\t\t\t\t<\/div>\n\t\t\t\t<\/div>\n\t\t\t\t<div class=\"elementor-element elementor-element-afae770 elementor-widget elementor-widget-heading\" data-id=\"afae770\" data-element_type=\"widget\" data-widget_type=\"heading.default\">\n\t\t\t\t<div class=\"elementor-widget-container\">\n\t\t\t<style>\/*! elementor - v3.6.6 - 08-06-2022 *\/\n.elementor-heading-title{padding:0;margin:0;line-height:1}.elementor-widget-heading .elementor-heading-title[class*=elementor-size-]>a{color:inherit;font-size:inherit;line-height:inherit}.elementor-widget-heading .elementor-heading-title.elementor-size-small{font-size:15px}.elementor-widget-heading .elementor-heading-title.elementor-size-medium{font-size:19px}.elementor-widget-heading .elementor-heading-title.elementor-size-large{font-size:29px}.elementor-widget-heading .elementor-heading-title.elementor-size-xl{font-size:39px}.elementor-widget-heading .elementor-heading-title.elementor-size-xxl{font-size:59px}<\/style><div class=\"elementor-heading-title elementor-size-default\"><a href=\"http:\/\/www.centroeducativoalem.com\/novedades\">Volver<\/a><\/div>\t\t<\/div>\n\t\t\t\t<\/div>\n\t\t\t\t\t<\/div>\n\t\t<\/div>\n\t\t\t\t\t\t\t<\/div>\n\t\t<\/section>\n\t\t\t\t<section class=\"elementor-section elementor-top-section elementor-element elementor-element-0a8db3d elementor-section-boxed elementor-section-height-default elementor-section-height-default\" data-id=\"0a8db3d\" data-element_type=\"section\">\n\t\t\t\t\t\t<div class=\"elementor-container elementor-column-gap-default\">\n\t\t\t\t\t<div class=\"elementor-column elementor-col-100 elementor-top-column elementor-element elementor-element-0dbe56e\" data-id=\"0dbe56e\" data-element_type=\"column\">\n\t\t\t<div class=\"elementor-widget-wrap elementor-element-populated\">\n\t\t\t\t\t\t\t\t<div class=\"elementor-element elementor-element-be3eb57 elementor-widget-divider--view-line elementor-widget elementor-widget-divider\" data-id=\"be3eb57\" data-element_type=\"widget\" data-widget_type=\"divider.default\">\n\t\t\t\t<div class=\"elementor-widget-container\">\n\t\t\t<style>\/*! elementor - v3.6.6 - 08-06-2022 *\/\n.elementor-widget-divider{--divider-border-style:none;--divider-border-width:1px;--divider-color:#2c2c2c;--divider-icon-size:20px;--divider-element-spacing:10px;--divider-pattern-height:24px;--divider-pattern-size:20px;--divider-pattern-url:none;--divider-pattern-repeat:repeat-x}.elementor-widget-divider .elementor-divider{display:-webkit-box;display:-ms-flexbox;display:flex}.elementor-widget-divider .elementor-divider__text{font-size:15px;line-height:1;max-width:95%}.elementor-widget-divider .elementor-divider__element{margin:0 var(--divider-element-spacing);-ms-flex-negative:0;flex-shrink:0}.elementor-widget-divider .elementor-icon{font-size:var(--divider-icon-size)}.elementor-widget-divider .elementor-divider-separator{display:-webkit-box;display:-ms-flexbox;display:flex;margin:0;direction:ltr}.elementor-widget-divider--view-line_icon .elementor-divider-separator,.elementor-widget-divider--view-line_text .elementor-divider-separator{-webkit-box-align:center;-ms-flex-align:center;align-items:center}.elementor-widget-divider--view-line_icon .elementor-divider-separator:after,.elementor-widget-divider--view-line_icon .elementor-divider-separator:before,.elementor-widget-divider--view-line_text .elementor-divider-separator:after,.elementor-widget-divider--view-line_text .elementor-divider-separator:before{display:block;content:\"\";border-bottom:0;-webkit-box-flex:1;-ms-flex-positive:1;flex-grow:1;border-top:var(--divider-border-width) var(--divider-border-style) var(--divider-color)}.elementor-widget-divider--element-align-left .elementor-divider .elementor-divider-separator>.elementor-divider__svg:first-of-type{-webkit-box-flex:0;-ms-flex-positive:0;flex-grow:0;-ms-flex-negative:100;flex-shrink:100}.elementor-widget-divider--element-align-left .elementor-divider-separator:before{content:none}.elementor-widget-divider--element-align-left .elementor-divider__element{margin-left:0}.elementor-widget-divider--element-align-right .elementor-divider .elementor-divider-separator>.elementor-divider__svg:last-of-type{-webkit-box-flex:0;-ms-flex-positive:0;flex-grow:0;-ms-flex-negative:100;flex-shrink:100}.elementor-widget-divider--element-align-right .elementor-divider-separator:after{content:none}.elementor-widget-divider--element-align-right .elementor-divider__element{margin-right:0}.elementor-widget-divider:not(.elementor-widget-divider--view-line_text):not(.elementor-widget-divider--view-line_icon) .elementor-divider-separator{border-top:var(--divider-border-width) var(--divider-border-style) var(--divider-color)}.elementor-widget-divider--separator-type-pattern{--divider-border-style:none}.elementor-widget-divider--separator-type-pattern.elementor-widget-divider--view-line .elementor-divider-separator,.elementor-widget-divider--separator-type-pattern:not(.elementor-widget-divider--view-line) .elementor-divider-separator:after,.elementor-widget-divider--separator-type-pattern:not(.elementor-widget-divider--view-line) .elementor-divider-separator:before,.elementor-widget-divider--separator-type-pattern:not([class*=elementor-widget-divider--view]) .elementor-divider-separator{width:100%;min-height:var(--divider-pattern-height);-webkit-mask-size:var(--divider-pattern-size) 100%;mask-size:var(--divider-pattern-size) 100%;-webkit-mask-repeat:var(--divider-pattern-repeat);mask-repeat:var(--divider-pattern-repeat);background-color:var(--divider-color);-webkit-mask-image:var(--divider-pattern-url);mask-image:var(--divider-pattern-url)}.elementor-widget-divider--no-spacing{--divider-pattern-size:auto}.elementor-widget-divider--bg-round{--divider-pattern-repeat:round}.rtl .elementor-widget-divider .elementor-divider__text{direction:rtl}<\/style>\t\t<div class=\"elementor-divider\">\n\t\t\t<span class=\"elementor-divider-separator\">\n\t\t\t\t\t\t<\/span>\n\t\t<\/div>\n\t\t\t\t<\/div>\n\t\t\t\t<\/div>\n\t\t\t\t\t<\/div>\n\t\t<\/div>\n\t\t\t\t\t\t\t<\/div>\n\t\t<\/section>\n\t\t\t\t<section class=\"elementor-section elementor-top-section elementor-element elementor-element-463d7de elementor-section-boxed elementor-section-height-default elementor-section-height-default\" data-id=\"463d7de\" data-element_type=\"section\">\n\t\t\t\t\t\t<div class=\"elementor-container elementor-column-gap-default\">\n\t\t\t\t\t<div class=\"elementor-column elementor-col-100 elementor-top-column elementor-element elementor-element-65a12d3\" data-id=\"65a12d3\" data-element_type=\"column\">\n\t\t\t<div class=\"elementor-widget-wrap elementor-element-populated\">\n\t\t\t\t\t\t\t\t<div class=\"elementor-element elementor-element-8e2d3b5 elementor-widget elementor-widget-text-editor\" data-id=\"8e2d3b5\" data-element_type=\"widget\" data-widget_type=\"text-editor.default\">\n\t\t\t\t<div class=\"elementor-widget-container\">\n\t\t\t\t\t\t\t<p><span style=\"text-decoration: underline;\"><em>Si sos alumno, egresado o parte del Centro Educativo Alem y tenes una historia para contar comunicate a germanzavala96@gmail.com <\/em><\/span><\/p><p><span style=\"text-decoration: underline;\"><em>\u00a1Te estamos buscando!<\/em><\/span><\/p>\t\t\t\t\t\t<\/div>\n\t\t\t\t<\/div>\n\t\t\t\t\t<\/div>\n\t\t<\/div>\n\t\t\t\t\t\t\t<\/div>\n\t\t<\/section>\n\t\t\t\t<section class=\"elementor-section elementor-top-section elementor-element elementor-element-07a1b1b elementor-section-boxed elementor-section-height-default elementor-section-height-default\" data-id=\"07a1b1b\" data-element_type=\"section\">\n\t\t\t\t\t\t<div class=\"elementor-container elementor-column-gap-default\">\n\t\t\t\t\t<div class=\"elementor-column elementor-col-100 elementor-top-column elementor-element elementor-element-b66f6d9\" data-id=\"b66f6d9\" data-element_type=\"column\">\n\t\t\t<div class=\"elementor-widget-wrap\">\n\t\t\t\t\t\t\t\t\t<\/div>\n\t\t<\/div>\n\t\t\t\t\t\t\t<\/div>\n\t\t<\/section>\n\t\t\t\t\t\t\t<\/div>\n\t\t","protected":false},"excerpt":{"rendered":"<p>Tal\u00eda se dedica al cuidado de personas mayores hace m\u00e1s de 5 a\u00f1os, pero consciente de que la salud mental evoluciona cada d\u00eda, opt\u00f3 por aportarle un marco te\u00f3rico m\u00e1s que necesario con la capacitaci\u00f3n en Acompa\u00f1ante Terap\u00e9utico en el Centro Educativo Alem, para brindar mejores herramientas a sus pacientes, que se traduce en mejores condiciones de vida. <\/p>\n","protected":false},"author":3,"featured_media":634,"comment_status":"closed","ping_status":"open","sticky":false,"template":"","format":"standard","meta":[],"categories":[1],"tags":[10,4],"_links":{"self":[{"href":"http:\/\/centroeducativoalem.com\/novedades\/wp-json\/wp\/v2\/posts\/632"}],"collection":[{"href":"http:\/\/centroeducativoalem.com\/novedades\/wp-json\/wp\/v2\/posts"}],"about":[{"href":"http:\/\/centroeducativoalem.com\/novedades\/wp-json\/wp\/v2\/types\/post"}],"author":[{"embeddable":true,"href":"http:\/\/centroeducativoalem.com\/novedades\/wp-json\/wp\/v2\/users\/3"}],"replies":[{"embeddable":true,"href":"http:\/\/centroeducativoalem.com\/novedades\/wp-json\/wp\/v2\/comments?post=632"}],"version-history":[{"count":7,"href":"http:\/\/centroeducativoalem.com\/novedades\/wp-json\/wp\/v2\/posts\/632\/revisions"}],"predecessor-version":[{"id":641,"href":"http:\/\/centroeducativoalem.com\/novedades\/wp-json\/wp\/v2\/posts\/632\/revisions\/641"}],"wp:featuredmedia":[{"embeddable":true,"href":"http:\/\/centroeducativoalem.com\/novedades\/wp-json\/wp\/v2\/media\/634"}],"wp:attachment":[{"href":"http:\/\/centroeducativoalem.com\/novedades\/wp-json\/wp\/v2\/media?parent=632"}],"wp:term":[{"taxonomy":"category","embeddable":true,"href":"http:\/\/centroeducativoalem.com\/novedades\/wp-json\/wp\/v2\/categories?post=632"},{"taxonomy":"post_tag","embeddable":true,"href":"http:\/\/centroeducativoalem.com\/novedades\/wp-json\/wp\/v2\/tags?post=632"}],"curies":[{"name":"wp","href":"https:\/\/api.w.org\/{rel}","templated":true}]}}