{"id":625,"date":"2023-02-28T16:59:45","date_gmt":"2023-02-28T19:59:45","guid":{"rendered":"http:\/\/centroeducativoalem.com\/novedades\/?p=625"},"modified":"2023-07-13T14:49:59","modified_gmt":"2023-07-13T17:49:59","slug":"egresados-leandro-soto-y-la-posibilidad-de-encontrar-algo-concreto-con-la-meta-de-progresar","status":"publish","type":"post","link":"http:\/\/centroeducativoalem.com\/novedades\/egresados-leandro-soto-y-la-posibilidad-de-encontrar-algo-concreto-con-la-meta-de-progresar\/","title":{"rendered":"Egresados: Leandro Soto y la posibilidad de encontrar algo concreto, con la meta de progresar"},"content":{"rendered":"<p style=\"text-align: left;\">Los <strong>golpes de suerte<\/strong> suelen acompa\u00f1ar a aquellos que no se resignan y pese a las dificultades intentan encontrar soluciones a sus problemas. A sus 37 a\u00f1os, <strong>Leandro Soto<\/strong> se recibi\u00f3 de <strong>Auxiliar de Farmacia<\/strong> en el <strong>Centro Educativo Alem<\/strong> y tard\u00f3 unos pocos meses en introducirse al mercado laboral. \u201c<em>Hacer algo concreto, que nos de la posibilidad de trabajar y progresar<\/em>\u201d, record\u00f3, sobre aquella charla que le sirvi\u00f3 para encontrar el rumbo.<\/p>\n<style>\/*! elementor - v3.6.6 - 08-06-2022 *\/<br \/>\n.elementor-widget-image{text-align:center}.elementor-widget-image a{display:inline-block}.elementor-widget-image a img[src$=\".svg\"]{width:48px}.elementor-widget-image img{vertical-align:middle;display:inline-block}<\/style>\n<p>\t\t\t\t\t\t\t\t\t\t\t\t<img decoding=\"async\" width=\"640\" height=\"780\" src=\"http:\/\/centroeducativoalem.com\/novedades\/wp-content\/uploads\/2023\/02\/WhatsApp-Image-2023-02-24-at-22.03.53.jpeg\" alt=\"\" loading=\"lazy\" srcset=\"http:\/\/centroeducativoalem.com\/novedades\/wp-content\/uploads\/2023\/02\/WhatsApp-Image-2023-02-24-at-22.03.53.jpeg 711w, http:\/\/centroeducativoalem.com\/novedades\/wp-content\/uploads\/2023\/02\/WhatsApp-Image-2023-02-24-at-22.03.53-246x300.jpeg 246w\" sizes=\"(max-width: 640px) 100vw, 640px\"><\/p>\n<p>.<\/p>\n<p>Las dificultades de un mercado laboral, muchas veces injusto y que suele discriminar por cuestiones etarias, son cada vez m\u00e1s presentes en la sociedad. Ante este escenario, la obligaci\u00f3n de buscar alternativas surgen con celeridad entre los pensamientos de los j\u00f3venes y adultos, que <strong>no consiguen las oportunidades necesarias para demostrar su val\u00eda<\/strong>.<\/p>\n<p>En consecuencia, las determinaciones sobre qu\u00e9 carrera seguir o a qu\u00e9 rama dedicarse, muchas veces tienen que ser argumentadas desde la cabeza y no siempre con el coraz\u00f3n. \u201c<em>Tengo 37 a\u00f1os y la capacitaci\u00f3n sali\u00f3 de la charla con una amiga. &#8216;De hacer algo&#8217; pero algo que sea concreto y <strong>nos d\u00e9 la posibilidad de trabajar y poder progresar<\/strong>\u201d<\/em>, dej\u00f3 en claro el protagonista.<\/p>\n<p><strong>Leandro<\/strong> apel\u00f3 a la capacitaci\u00f3n de <strong>Auxiliar de Farmacia<\/strong> y no tard\u00f3 en descubrir que eligi\u00f3 el camino correcto. \u201c<em>Termin\u00e9 la capacitaci\u00f3n el 30 de noviembre del 2022 y ah\u00ed comenc\u00e9 a mandar curr\u00edculums a todo lugar que necesitaran auxiliar de farmacia. Est\u00e1 cadena de farmacia necesitaba un cajero y al ver que pod\u00eda aspirar a ser auxiliar de farmacia y ya trabaj\u00e9 como cajero, me dieron la oportunidad<\/em>\u201d, cont\u00f3.<\/p>\n<p>Y luego del <strong>golpe de gracia<\/strong>, que suelen recibir aquellos a los que la suerte le sonr\u00ede despu\u00e9s de tanto esfuerzo, <strong>Leandro<\/strong> cont\u00f3 su satisfacci\u00f3n y ganas de ir por m\u00e1s: \u201c<em>Lo bueno del curso frente a la salida laboral es muy buena porque no hay l\u00edmite de edad para ser auxiliar de farmacia. Soy una persona grande y algunas puertas ya las tengo cerradas, \u00bfme explico? Por suerte estoy en el camino correcto y siempre para adelante, porque a ra\u00edz de auxiliar de farmacia me pic\u00f3 el bichito de seguir estudiando<\/em>\u201d.<\/p>\n<p>En sinton\u00eda, tuvo palabras de elogio para su nuevo equipo de trabajo, que lo incluy\u00f3 de la mejor manera. \u201c<em>Arranque los primeros d\u00edas de enero. Hice una capacitaci\u00f3n de 10 d\u00edas y me enviaron a mi lugar de trabajo. Lo llevo bien pero, como todo, al principio me cost\u00f3 much\u00edsimo. Son muchas las cosas que se deben tener en cuenta. Pero el <strong>equivocarse hace al oficio<\/strong>. Por suerte mis compa\u00f1eros de trabajo me recibieron bien, todos me ayudan. Es un grupo sano dedicado a trabajar y no m\u00e1s que eso. No hay grupitos, es un solo bloque que tira para el mismo lado. Lo mismo mi encargada, es muy estricta pero comprensiva y siempre esta apoy\u00e1ndome. <strong>Son muy buenos profesionales y muy buenas personas<\/strong><\/em>\u201d.<\/p>\n<p><img decoding=\"async\" width=\"640\" height=\"905\" src=\"http:\/\/centroeducativoalem.com\/novedades\/wp-content\/uploads\/2023\/02\/321102578_498763705470531_4564256362541951541_n-768x1086.jpg\" alt=\"\" loading=\"lazy\" srcset=\"http:\/\/centroeducativoalem.com\/novedades\/wp-content\/uploads\/2023\/02\/321102578_498763705470531_4564256362541951541_n-768x1086.jpg 768w, http:\/\/centroeducativoalem.com\/novedades\/wp-content\/uploads\/2023\/02\/321102578_498763705470531_4564256362541951541_n-212x300.jpg 212w, http:\/\/centroeducativoalem.com\/novedades\/wp-content\/uploads\/2023\/02\/321102578_498763705470531_4564256362541951541_n-724x1024.jpg 724w, http:\/\/centroeducativoalem.com\/novedades\/wp-content\/uploads\/2023\/02\/321102578_498763705470531_4564256362541951541_n-1086x1536.jpg 1086w, http:\/\/centroeducativoalem.com\/novedades\/wp-content\/uploads\/2023\/02\/321102578_498763705470531_4564256362541951541_n.jpg 1448w\" sizes=\"(max-width: 640px) 100vw, 640px\"><\/p>\n<p>En cuanto a su formaci\u00f3n, <strong>Leandro<\/strong> es parte de la camada de alumnos que se aggiorn\u00f3 a la virtualidad para conseguir su t\u00edtulo: \u201c<em>Conoc\u00ed al Instituto por medio de una amiga. <strong>Hablando me coment\u00f3 de que estaba terminando el curso<\/strong>. Les hice algunas preguntas y me dio toda la informaci\u00f3n. Fue as\u00ed como me contacte y me gust\u00f3 la propuesta estudiantil que me ofrec\u00edan. Fue una experiencia nueva, nunca lo hab\u00eda hecho. Es diferente pero no quiere decir que haya sido f\u00e1cil. La exigencia siempre estuvo. Por otro lado administras tus tiempos<\/em>\u201d.<\/p>\n<p>\u201c<em>Mis compa\u00f1eros tanto como los docentes que tuve se comportaron muy bien, es decir si necesitaban algo ya lo sub\u00edan. La profesora <strong>Sandra<\/strong> como el profesor <strong>Fabricio<\/strong> siempre sub\u00edan tareas, informaci\u00f3n, cursos y dem\u00e1s. En ese sentido no se guardaban nada, todo lo que nos pod\u00eda ayudar a desarrollar nuestra profesi\u00f3n lo hac\u00edan<\/em>\u201d, cerr\u00f3.<\/p>\n<p><a href=\"http:\/\/www.centroeducativoalem.com\/novedades\"><br \/>\n<img decoding=\"async\" width=\"512\" height=\"512\" src=\"http:\/\/centroeducativoalem.com\/novedades\/wp-content\/uploads\/2021\/11\/flecha.png\" alt=\"\" loading=\"lazy\" srcset=\"http:\/\/centroeducativoalem.com\/novedades\/wp-content\/uploads\/2021\/11\/flecha.png 512w, http:\/\/centroeducativoalem.com\/novedades\/wp-content\/uploads\/2021\/11\/flecha-300x300.png 300w, http:\/\/centroeducativoalem.com\/novedades\/wp-content\/uploads\/2021\/11\/flecha-150x150.png 150w\" sizes=\"(max-width: 512px) 100vw, 512px\">\t\t\t\t\t\t\t\t<\/a><\/p>\n<style>\/*! elementor - v3.6.6 - 08-06-2022 *\/<br \/>\n.elementor-heading-title{padding:0;margin:0;line-height:1}.elementor-widget-heading .elementor-heading-title[class*=elementor-size-]>a{color:inherit;font-size:inherit;line-height:inherit}.elementor-widget-heading .elementor-heading-title.elementor-size-small{font-size:15px}.elementor-widget-heading .elementor-heading-title.elementor-size-medium{font-size:19px}.elementor-widget-heading .elementor-heading-title.elementor-size-large{font-size:29px}.elementor-widget-heading .elementor-heading-title.elementor-size-xl{font-size:39px}.elementor-widget-heading .elementor-heading-title.elementor-size-xxl{font-size:59px}<\/style>\n<p><a href=\"http:\/\/www.centroeducativoalem.com\/novedades\">Volver<\/a><\/p>\n<style>\/*! elementor - v3.6.6 - 08-06-2022 *\/<br \/>\n.elementor-widget-divider{--divider-border-style:none;--divider-border-width:1px;--divider-color:#2c2c2c;--divider-icon-size:20px;--divider-element-spacing:10px;--divider-pattern-height:24px;--divider-pattern-size:20px;--divider-pattern-url:none;--divider-pattern-repeat:repeat-x}.elementor-widget-divider .elementor-divider{display:-webkit-box;display:-ms-flexbox;display:flex}.elementor-widget-divider .elementor-divider__text{font-size:15px;line-height:1;max-width:95%}.elementor-widget-divider .elementor-divider__element{margin:0 var(--divider-element-spacing);-ms-flex-negative:0;flex-shrink:0}.elementor-widget-divider .elementor-icon{font-size:var(--divider-icon-size)}.elementor-widget-divider .elementor-divider-separator{display:-webkit-box;display:-ms-flexbox;display:flex;margin:0;direction:ltr}.elementor-widget-divider--view-line_icon .elementor-divider-separator,.elementor-widget-divider--view-line_text .elementor-divider-separator{-webkit-box-align:center;-ms-flex-align:center;align-items:center}.elementor-widget-divider--view-line_icon .elementor-divider-separator:after,.elementor-widget-divider--view-line_icon .elementor-divider-separator:before,.elementor-widget-divider--view-line_text .elementor-divider-separator:after,.elementor-widget-divider--view-line_text .elementor-divider-separator:before{display:block;content:\"\";border-bottom:0;-webkit-box-flex:1;-ms-flex-positive:1;flex-grow:1;border-top:var(--divider-border-width) var(--divider-border-style) var(--divider-color)}.elementor-widget-divider--element-align-left .elementor-divider .elementor-divider-separator>.elementor-divider__svg:first-of-type{-webkit-box-flex:0;-ms-flex-positive:0;flex-grow:0;-ms-flex-negative:100;flex-shrink:100}.elementor-widget-divider--element-align-left .elementor-divider-separator:before{content:none}.elementor-widget-divider--element-align-left .elementor-divider__element{margin-left:0}.elementor-widget-divider--element-align-right .elementor-divider .elementor-divider-separator>.elementor-divider__svg:last-of-type{-webkit-box-flex:0;-ms-flex-positive:0;flex-grow:0;-ms-flex-negative:100;flex-shrink:100}.elementor-widget-divider--element-align-right .elementor-divider-separator:after{content:none}.elementor-widget-divider--element-align-right .elementor-divider__element{margin-right:0}.elementor-widget-divider:not(.elementor-widget-divider--view-line_text):not(.elementor-widget-divider--view-line_icon) .elementor-divider-separator{border-top:var(--divider-border-width) var(--divider-border-style) var(--divider-color)}.elementor-widget-divider--separator-type-pattern{--divider-border-style:none}.elementor-widget-divider--separator-type-pattern.elementor-widget-divider--view-line .elementor-divider-separator,.elementor-widget-divider--separator-type-pattern:not(.elementor-widget-divider--view-line) .elementor-divider-separator:after,.elementor-widget-divider--separator-type-pattern:not(.elementor-widget-divider--view-line) .elementor-divider-separator:before,.elementor-widget-divider--separator-type-pattern:not([class*=elementor-widget-divider--view]) .elementor-divider-separator{width:100%;min-height:var(--divider-pattern-height);-webkit-mask-size:var(--divider-pattern-size) 100%;mask-size:var(--divider-pattern-size) 100%;-webkit-mask-repeat:var(--divider-pattern-repeat);mask-repeat:var(--divider-pattern-repeat);background-color:var(--divider-color);-webkit-mask-image:var(--divider-pattern-url);mask-image:var(--divider-pattern-url)}.elementor-widget-divider--no-spacing{--divider-pattern-size:auto}.elementor-widget-divider--bg-round{--divider-pattern-repeat:round}.rtl .elementor-widget-divider .elementor-divider__text{direction:rtl}<\/style>\n<p><em>Si sos alumno, egresado o parte del Centro Educativo Alem y tenes una historia para contar comunicate a germanzavala96@gmail.com <\/em><\/p>\n<p><em>\u00a1Te estamos buscando!<\/em><\/p>\n","protected":false},"excerpt":{"rendered":"<p>En una charla familiar, como tantas las hay, Leandro coment\u00f3 su inter\u00e9s en progresar. Y entre recomendaciones, el curso virtual de Auxiliar de Farmacia le permiti\u00f3 encontrar una posici\u00f3n laboral a sus 37 a\u00f1os, a tan solo dos meses despu\u00e9s de haberse recibido en el Centro Educativo Alem.<\/p>\n","protected":false},"author":3,"featured_media":626,"comment_status":"closed","ping_status":"open","sticky":false,"template":"","format":"standard","meta":[],"categories":[1],"tags":[5,4],"_links":{"self":[{"href":"http:\/\/centroeducativoalem.com\/novedades\/wp-json\/wp\/v2\/posts\/625"}],"collection":[{"href":"http:\/\/centroeducativoalem.com\/novedades\/wp-json\/wp\/v2\/posts"}],"about":[{"href":"http:\/\/centroeducativoalem.com\/novedades\/wp-json\/wp\/v2\/types\/post"}],"author":[{"embeddable":true,"href":"http:\/\/centroeducativoalem.com\/novedades\/wp-json\/wp\/v2\/users\/3"}],"replies":[{"embeddable":true,"href":"http:\/\/centroeducativoalem.com\/novedades\/wp-json\/wp\/v2\/comments?post=625"}],"version-history":[{"count":5,"href":"http:\/\/centroeducativoalem.com\/novedades\/wp-json\/wp\/v2\/posts\/625\/revisions"}],"predecessor-version":[{"id":743,"href":"http:\/\/centroeducativoalem.com\/novedades\/wp-json\/wp\/v2\/posts\/625\/revisions\/743"}],"wp:featuredmedia":[{"embeddable":true,"href":"http:\/\/centroeducativoalem.com\/novedades\/wp-json\/wp\/v2\/media\/626"}],"wp:attachment":[{"href":"http:\/\/centroeducativoalem.com\/novedades\/wp-json\/wp\/v2\/media?parent=625"}],"wp:term":[{"taxonomy":"category","embeddable":true,"href":"http:\/\/centroeducativoalem.com\/novedades\/wp-json\/wp\/v2\/categories?post=625"},{"taxonomy":"post_tag","embeddable":true,"href":"http:\/\/centroeducativoalem.com\/novedades\/wp-json\/wp\/v2\/tags?post=625"}],"curies":[{"name":"wp","href":"https:\/\/api.w.org\/{rel}","templated":true}]}}