{"id":503,"date":"2022-03-13T13:53:37","date_gmt":"2022-03-13T16:53:37","guid":{"rendered":"http:\/\/centroeducativoalem.com\/novedades\/?p=503"},"modified":"2022-03-13T13:54:14","modified_gmt":"2022-03-13T16:54:14","slug":"el-cea-desarrollo-su-primer-operativo-gratuito-de-salud-del-ano","status":"publish","type":"post","link":"http:\/\/centroeducativoalem.com\/novedades\/el-cea-desarrollo-su-primer-operativo-gratuito-de-salud-del-ano\/","title":{"rendered":"El CEA desarroll\u00f3 su Primer Operativo Gratuito de Salud del a\u00f1o"},"content":{"rendered":"\t\t<div data-elementor-type=\"wp-post\" data-elementor-id=\"503\" class=\"elementor elementor-503\">\n\t\t\t\t\t\t\t\t\t<section class=\"elementor-section elementor-top-section elementor-element elementor-element-73f2d31 elementor-section-boxed elementor-section-height-default elementor-section-height-default\" data-id=\"73f2d31\" data-element_type=\"section\">\n\t\t\t\t\t\t<div class=\"elementor-container elementor-column-gap-default\">\n\t\t\t\t\t<div class=\"elementor-column elementor-col-100 elementor-top-column elementor-element elementor-element-02c38a8\" data-id=\"02c38a8\" data-element_type=\"column\">\n\t\t\t<div class=\"elementor-widget-wrap elementor-element-populated\">\n\t\t\t\t\t\t\t\t<div class=\"elementor-element elementor-element-954f0a1 elementor-widget elementor-widget-text-editor\" data-id=\"954f0a1\" data-element_type=\"widget\" data-widget_type=\"text-editor.default\">\n\t\t\t\t<div class=\"elementor-widget-container\">\n\t\t\t<style>\/*! elementor - v3.6.6 - 08-06-2022 *\/\n.elementor-widget-text-editor.elementor-drop-cap-view-stacked .elementor-drop-cap{background-color:#818a91;color:#fff}.elementor-widget-text-editor.elementor-drop-cap-view-framed .elementor-drop-cap{color:#818a91;border:3px solid;background-color:transparent}.elementor-widget-text-editor:not(.elementor-drop-cap-view-default) .elementor-drop-cap{margin-top:8px}.elementor-widget-text-editor:not(.elementor-drop-cap-view-default) .elementor-drop-cap-letter{width:1em;height:1em}.elementor-widget-text-editor .elementor-drop-cap{float:left;text-align:center;line-height:1;font-size:50px}.elementor-widget-text-editor .elementor-drop-cap-letter{display:inline-block}<\/style>\t\t\t\t<p><span style=\"color: #212121; font-size: 24px; letter-spacing: -0.05em;\">E<\/span><span style=\"color: var( --e-global-color-text ); font-weight: var( --e-global-typography-text-font-weight );\">n sinton\u00eda de lo que fue el cierre del 2021, el <strong>Centro Educativo Alem<\/strong> contin\u00faa con su premisa de <span style=\"text-decoration: underline;\">colaborar con los distintos barrios del Sur del Conurbano Bonaerense<\/span> y en la jornada del s\u00e1bado, el primer <strong>Operativo Gratuito de Salud<\/strong> del 2022, aport\u00f3 m\u00e1s de 20 alumnos graduados y <span style=\"text-decoration: underline;\">entreg\u00f3 becas para que los vecinos puedan capacitarse en oficios con salida laboral<\/span>. A su vez, trabaj\u00f3 acompa\u00f1ado del <strong>Centro M\u00e9dico Alma<\/strong> y de la ONG <strong>Tendiendo Puentes<\/strong>, encabezado por el concejal <strong>Germ\u00e1n Bonnemezon<\/strong>.<\/span><\/p><p>\u00a0<\/p>\t\t\t\t\t\t<\/div>\n\t\t\t\t<\/div>\n\t\t\t\t\t<\/div>\n\t\t<\/div>\n\t\t\t\t\t\t\t<\/div>\n\t\t<\/section>\n\t\t\t\t<section class=\"elementor-section elementor-top-section elementor-element elementor-element-f07e770 elementor-section-boxed elementor-section-height-default elementor-section-height-default\" data-id=\"f07e770\" data-element_type=\"section\">\n\t\t\t\t\t\t<div class=\"elementor-container elementor-column-gap-default\">\n\t\t\t\t\t<div class=\"elementor-column elementor-col-100 elementor-top-column elementor-element elementor-element-fe879b8\" data-id=\"fe879b8\" data-element_type=\"column\">\n\t\t\t<div class=\"elementor-widget-wrap elementor-element-populated\">\n\t\t\t\t\t\t\t\t<div class=\"elementor-element elementor-element-3c01429 elementor-widget elementor-widget-image\" data-id=\"3c01429\" data-element_type=\"widget\" data-widget_type=\"image.default\">\n\t\t\t\t<div class=\"elementor-widget-container\">\n\t\t\t<style>\/*! elementor - v3.6.6 - 08-06-2022 *\/\n.elementor-widget-image{text-align:center}.elementor-widget-image a{display:inline-block}.elementor-widget-image a img[src$=\".svg\"]{width:48px}.elementor-widget-image img{vertical-align:middle;display:inline-block}<\/style>\t\t\t\t\t\t\t\t\t<figure class=\"wp-caption\">\n\t\t\t\t\t\t\t\t\t\t<img decoding=\"async\" width=\"640\" height=\"479\" src=\"http:\/\/centroeducativoalem.com\/novedades\/wp-content\/uploads\/2022\/03\/WhatsApp-Image-2022-03-12-at-9.59.56-AM-1-1024x766.jpeg\" class=\"attachment-large size-large\" alt=\"\" loading=\"lazy\" srcset=\"http:\/\/centroeducativoalem.com\/novedades\/wp-content\/uploads\/2022\/03\/WhatsApp-Image-2022-03-12-at-9.59.56-AM-1-1024x766.jpeg 1024w, http:\/\/centroeducativoalem.com\/novedades\/wp-content\/uploads\/2022\/03\/WhatsApp-Image-2022-03-12-at-9.59.56-AM-1-300x225.jpeg 300w, http:\/\/centroeducativoalem.com\/novedades\/wp-content\/uploads\/2022\/03\/WhatsApp-Image-2022-03-12-at-9.59.56-AM-1-768x575.jpeg 768w, http:\/\/centroeducativoalem.com\/novedades\/wp-content\/uploads\/2022\/03\/WhatsApp-Image-2022-03-12-at-9.59.56-AM-1.jpeg 1280w\" sizes=\"(max-width: 640px) 100vw, 640px\" \/>\t\t\t\t\t\t\t\t\t\t\t<figcaption class=\"widget-image-caption wp-caption-text\"><\/figcaption>\n\t\t\t\t\t\t\t\t\t\t<\/figure>\n\t\t\t\t\t\t\t\t\t<\/div>\n\t\t\t\t<\/div>\n\t\t\t\t<div class=\"elementor-element elementor-element-1fff242 elementor-widget elementor-widget-text-editor\" data-id=\"1fff242\" data-element_type=\"widget\" data-widget_type=\"text-editor.default\">\n\t\t\t\t<div class=\"elementor-widget-container\">\n\t\t\t\t\t\t\t<p>Con la premisa de <span style=\"text-decoration: underline;\">continuar colaborando a encontrar soluciones para las necesidades de la regi\u00f3n<\/span>, el <strong>Operativo Gratuito de Salud<\/strong> que fue llevado a cabo en el <strong>Comedor Comunitario Peke\u00f1itos<\/strong> por la ONG <strong>Tendiendo Puentes<\/strong>, encabezada por el Concejal de <strong>Almirante Brown Germ\u00e1n Bonnemezon<\/strong>, el <strong>Centro M\u00e9dico Alma<\/strong> y el <strong>Centro Educativo Alem<\/strong>, cont\u00f3 con la <span style=\"text-decoration: underline;\">visita de m\u00e1s de 300 vecinos<\/span> de <strong>San Francisco Solano<\/strong>.<\/p><p><br \/>Ante las dificultades de acceder a un servicio de calidad por los protocolos establecidos, las partes volvieron a unirse para <span style=\"text-decoration: underline;\">desarrollar un evento que cont\u00f3 con profesionales que se encargaron de atender a los pacientes<\/span> en <strong>consultas pedi\u00e1tricas, electrocardiogramas, controles de glucemia, saturaci\u00f3n y tensi\u00f3n arterial y enfermedades venereas<\/strong>.<\/p><p><br \/>En las instalaciones del <strong>Comedor Peke\u00f1itos<\/strong>, un lugar simb\u00f3lico para la barriada con m\u00e1s de 25 a\u00f1os en asistencia a familias solanenses, esta vez <span style=\"text-decoration: underline;\">los vecinos se acercaron con sus turnos programados, que superaron las m\u00e1s de 300 consultas<\/span>.<\/p><p><br \/>A su vez, el concejal <strong>Germ\u00e1n Bonnemezon<\/strong> y la ONG <strong>Tendiendo Puentes<\/strong> se encarg\u00f3 de <span style=\"text-decoration: underline;\">proveer los materiales necesarios para la atenci\u00f3n<\/span>, sumado a refrigerios que fueron dados para los concurrentes. Tambi\u00e9n, cont\u00f3 con la presencia de la presidenta de la ONG <strong>Barbara Singer<\/strong>.<\/p><p>\u00a0<\/p>\t\t\t\t\t\t<\/div>\n\t\t\t\t<\/div>\n\t\t\t\t\t<\/div>\n\t\t<\/div>\n\t\t\t\t\t\t\t<\/div>\n\t\t<\/section>\n\t\t\t\t<section class=\"elementor-section elementor-top-section elementor-element elementor-element-f200dcd elementor-section-boxed elementor-section-height-default elementor-section-height-default\" data-id=\"f200dcd\" data-element_type=\"section\">\n\t\t\t\t\t\t<div class=\"elementor-container elementor-column-gap-default\">\n\t\t\t\t\t<div class=\"elementor-column elementor-col-100 elementor-top-column elementor-element elementor-element-91982c6\" data-id=\"91982c6\" data-element_type=\"column\">\n\t\t\t<div class=\"elementor-widget-wrap elementor-element-populated\">\n\t\t\t\t\t\t\t\t<div class=\"elementor-element elementor-element-81aa563 elementor-widget elementor-widget-image\" data-id=\"81aa563\" data-element_type=\"widget\" data-widget_type=\"image.default\">\n\t\t\t\t<div class=\"elementor-widget-container\">\n\t\t\t\t\t\t\t\t\t\t\t\t\t\t\t<img decoding=\"async\" width=\"640\" height=\"479\" src=\"http:\/\/centroeducativoalem.com\/novedades\/wp-content\/uploads\/2022\/03\/WhatsApp-Image-2022-03-12-at-8.37.54-AM-768x575.jpeg\" class=\"attachment-medium_large size-medium_large\" alt=\"\" loading=\"lazy\" srcset=\"http:\/\/centroeducativoalem.com\/novedades\/wp-content\/uploads\/2022\/03\/WhatsApp-Image-2022-03-12-at-8.37.54-AM-768x575.jpeg 768w, http:\/\/centroeducativoalem.com\/novedades\/wp-content\/uploads\/2022\/03\/WhatsApp-Image-2022-03-12-at-8.37.54-AM-300x225.jpeg 300w, http:\/\/centroeducativoalem.com\/novedades\/wp-content\/uploads\/2022\/03\/WhatsApp-Image-2022-03-12-at-8.37.54-AM-1024x766.jpeg 1024w, http:\/\/centroeducativoalem.com\/novedades\/wp-content\/uploads\/2022\/03\/WhatsApp-Image-2022-03-12-at-8.37.54-AM.jpeg 1280w\" sizes=\"(max-width: 640px) 100vw, 640px\" \/>\t\t\t\t\t\t\t\t\t\t\t\t\t\t\t<\/div>\n\t\t\t\t<\/div>\n\t\t\t\t<div class=\"elementor-element elementor-element-6e28098 elementor-widget elementor-widget-text-editor\" data-id=\"6e28098\" data-element_type=\"widget\" data-widget_type=\"text-editor.default\">\n\t\t\t\t<div class=\"elementor-widget-container\">\n\t\t\t\t\t\t\t<p>Por otro lado, el <strong>CEA y ALMA<\/strong> aportaron m\u00e1s de 20 alumnos graduados en materia de salud que se encargaron de la atenci\u00f3n. Cabe mencionar, que <span style=\"text-decoration: underline;\">el centro m\u00e9dico sigue de cerca los casos que precisen una mayor atenci\u00f3n<\/span>, en su sede de <strong>Juan Domingo Per\u00f3n 1943<\/strong>, Lomas de Zamora. El aspecto m\u00e9dico estuvo coordinado por <strong>Fernando Ch\u00e1vez y Luis Alvarez<\/strong>.<\/p><p>A su vez, los <strong>asesores educativos<\/strong> tambi\u00e9n se acercaron a <strong>Peke\u00f1itos<\/strong> para otorgar becas a aquellos que deseen <span style=\"text-decoration: underline;\">capacitarse en oficios con una r\u00e1pida salida laboral y obtener mayores oportunidades dentro del mercado de trabajos<\/span>.<\/p>\t\t\t\t\t\t<\/div>\n\t\t\t\t<\/div>\n\t\t\t\t<div class=\"elementor-element elementor-element-8fe155d elementor-widget elementor-widget-google_maps\" data-id=\"8fe155d\" data-element_type=\"widget\" data-widget_type=\"google_maps.default\">\n\t\t\t\t<div class=\"elementor-widget-container\">\n\t\t\t<style>\/*! elementor - v3.6.6 - 08-06-2022 *\/\n.elementor-widget-google_maps .elementor-widget-container{overflow:hidden}.elementor-widget-google_maps iframe{height:300px}<\/style>\t\t<div class=\"elementor-custom-embed\">\n\t\t\t<iframe frameborder=\"0\" scrolling=\"no\" marginheight=\"0\" marginwidth=\"0\"\n\t\t\t\t\tsrc=\"https:\/\/maps.google.com\/maps?q=Comedor%20Peke%C3%B1itos%20San%20Francisco%20Solano&#038;t=m&#038;z=15&#038;output=embed&#038;iwloc=near\"\n\t\t\t\t\ttitle=\"Comedor Peke\u00f1itos San Francisco Solano\"\n\t\t\t\t\taria-label=\"Comedor Peke\u00f1itos San Francisco Solano\"\n\t\t\t><\/iframe>\n\t\t<\/div>\n\t\t\t\t<\/div>\n\t\t\t\t<\/div>\n\t\t\t\t<div class=\"elementor-element elementor-element-8afe8a6 elementor-widget__width-initial elementor-widget elementor-widget-image\" data-id=\"8afe8a6\" data-element_type=\"widget\" data-widget_type=\"image.default\">\n\t\t\t\t<div class=\"elementor-widget-container\">\n\t\t\t\t\t\t\t\t\t\t\t\t\t\t\t\t<a href=\"http:\/\/www.centroeducativoalem.com\/novedades\">\n\t\t\t\t\t\t\t<img decoding=\"async\" width=\"512\" height=\"512\" src=\"http:\/\/centroeducativoalem.com\/novedades\/wp-content\/uploads\/2021\/11\/flecha.png\" class=\"attachment-full size-full\" alt=\"\" loading=\"lazy\" srcset=\"http:\/\/centroeducativoalem.com\/novedades\/wp-content\/uploads\/2021\/11\/flecha.png 512w, http:\/\/centroeducativoalem.com\/novedades\/wp-content\/uploads\/2021\/11\/flecha-300x300.png 300w, http:\/\/centroeducativoalem.com\/novedades\/wp-content\/uploads\/2021\/11\/flecha-150x150.png 150w\" sizes=\"(max-width: 512px) 100vw, 512px\" \/>\t\t\t\t\t\t\t\t<\/a>\n\t\t\t\t\t\t\t\t\t\t\t\t\t\t\t<\/div>\n\t\t\t\t<\/div>\n\t\t\t\t<div class=\"elementor-element elementor-element-afae770 elementor-widget elementor-widget-heading\" data-id=\"afae770\" data-element_type=\"widget\" data-widget_type=\"heading.default\">\n\t\t\t\t<div class=\"elementor-widget-container\">\n\t\t\t<style>\/*! elementor - v3.6.6 - 08-06-2022 *\/\n.elementor-heading-title{padding:0;margin:0;line-height:1}.elementor-widget-heading .elementor-heading-title[class*=elementor-size-]>a{color:inherit;font-size:inherit;line-height:inherit}.elementor-widget-heading .elementor-heading-title.elementor-size-small{font-size:15px}.elementor-widget-heading .elementor-heading-title.elementor-size-medium{font-size:19px}.elementor-widget-heading .elementor-heading-title.elementor-size-large{font-size:29px}.elementor-widget-heading .elementor-heading-title.elementor-size-xl{font-size:39px}.elementor-widget-heading .elementor-heading-title.elementor-size-xxl{font-size:59px}<\/style><div class=\"elementor-heading-title elementor-size-default\"><a href=\"http:\/\/www.centroeducativoalem.com\/novedades\">Volver<\/a><\/div>\t\t<\/div>\n\t\t\t\t<\/div>\n\t\t\t\t\t<\/div>\n\t\t<\/div>\n\t\t\t\t\t\t\t<\/div>\n\t\t<\/section>\n\t\t\t\t<section class=\"elementor-section elementor-top-section elementor-element elementor-element-0a8db3d elementor-section-boxed elementor-section-height-default elementor-section-height-default\" data-id=\"0a8db3d\" data-element_type=\"section\">\n\t\t\t\t\t\t<div class=\"elementor-container elementor-column-gap-default\">\n\t\t\t\t\t<div class=\"elementor-column elementor-col-100 elementor-top-column elementor-element elementor-element-0dbe56e\" data-id=\"0dbe56e\" data-element_type=\"column\">\n\t\t\t<div class=\"elementor-widget-wrap elementor-element-populated\">\n\t\t\t\t\t\t\t\t<div class=\"elementor-element elementor-element-be3eb57 elementor-widget-divider--view-line elementor-widget elementor-widget-divider\" data-id=\"be3eb57\" data-element_type=\"widget\" data-widget_type=\"divider.default\">\n\t\t\t\t<div class=\"elementor-widget-container\">\n\t\t\t<style>\/*! elementor - v3.6.6 - 08-06-2022 *\/\n.elementor-widget-divider{--divider-border-style:none;--divider-border-width:1px;--divider-color:#2c2c2c;--divider-icon-size:20px;--divider-element-spacing:10px;--divider-pattern-height:24px;--divider-pattern-size:20px;--divider-pattern-url:none;--divider-pattern-repeat:repeat-x}.elementor-widget-divider .elementor-divider{display:-webkit-box;display:-ms-flexbox;display:flex}.elementor-widget-divider .elementor-divider__text{font-size:15px;line-height:1;max-width:95%}.elementor-widget-divider .elementor-divider__element{margin:0 var(--divider-element-spacing);-ms-flex-negative:0;flex-shrink:0}.elementor-widget-divider .elementor-icon{font-size:var(--divider-icon-size)}.elementor-widget-divider .elementor-divider-separator{display:-webkit-box;display:-ms-flexbox;display:flex;margin:0;direction:ltr}.elementor-widget-divider--view-line_icon .elementor-divider-separator,.elementor-widget-divider--view-line_text .elementor-divider-separator{-webkit-box-align:center;-ms-flex-align:center;align-items:center}.elementor-widget-divider--view-line_icon .elementor-divider-separator:after,.elementor-widget-divider--view-line_icon .elementor-divider-separator:before,.elementor-widget-divider--view-line_text .elementor-divider-separator:after,.elementor-widget-divider--view-line_text .elementor-divider-separator:before{display:block;content:\"\";border-bottom:0;-webkit-box-flex:1;-ms-flex-positive:1;flex-grow:1;border-top:var(--divider-border-width) var(--divider-border-style) var(--divider-color)}.elementor-widget-divider--element-align-left .elementor-divider .elementor-divider-separator>.elementor-divider__svg:first-of-type{-webkit-box-flex:0;-ms-flex-positive:0;flex-grow:0;-ms-flex-negative:100;flex-shrink:100}.elementor-widget-divider--element-align-left .elementor-divider-separator:before{content:none}.elementor-widget-divider--element-align-left .elementor-divider__element{margin-left:0}.elementor-widget-divider--element-align-right .elementor-divider .elementor-divider-separator>.elementor-divider__svg:last-of-type{-webkit-box-flex:0;-ms-flex-positive:0;flex-grow:0;-ms-flex-negative:100;flex-shrink:100}.elementor-widget-divider--element-align-right .elementor-divider-separator:after{content:none}.elementor-widget-divider--element-align-right .elementor-divider__element{margin-right:0}.elementor-widget-divider:not(.elementor-widget-divider--view-line_text):not(.elementor-widget-divider--view-line_icon) .elementor-divider-separator{border-top:var(--divider-border-width) var(--divider-border-style) var(--divider-color)}.elementor-widget-divider--separator-type-pattern{--divider-border-style:none}.elementor-widget-divider--separator-type-pattern.elementor-widget-divider--view-line .elementor-divider-separator,.elementor-widget-divider--separator-type-pattern:not(.elementor-widget-divider--view-line) .elementor-divider-separator:after,.elementor-widget-divider--separator-type-pattern:not(.elementor-widget-divider--view-line) .elementor-divider-separator:before,.elementor-widget-divider--separator-type-pattern:not([class*=elementor-widget-divider--view]) .elementor-divider-separator{width:100%;min-height:var(--divider-pattern-height);-webkit-mask-size:var(--divider-pattern-size) 100%;mask-size:var(--divider-pattern-size) 100%;-webkit-mask-repeat:var(--divider-pattern-repeat);mask-repeat:var(--divider-pattern-repeat);background-color:var(--divider-color);-webkit-mask-image:var(--divider-pattern-url);mask-image:var(--divider-pattern-url)}.elementor-widget-divider--no-spacing{--divider-pattern-size:auto}.elementor-widget-divider--bg-round{--divider-pattern-repeat:round}.rtl .elementor-widget-divider .elementor-divider__text{direction:rtl}<\/style>\t\t<div class=\"elementor-divider\">\n\t\t\t<span class=\"elementor-divider-separator\">\n\t\t\t\t\t\t<\/span>\n\t\t<\/div>\n\t\t\t\t<\/div>\n\t\t\t\t<\/div>\n\t\t\t\t\t<\/div>\n\t\t<\/div>\n\t\t\t\t\t\t\t<\/div>\n\t\t<\/section>\n\t\t\t\t<section class=\"elementor-section elementor-top-section elementor-element elementor-element-463d7de elementor-section-boxed elementor-section-height-default elementor-section-height-default\" data-id=\"463d7de\" data-element_type=\"section\">\n\t\t\t\t\t\t<div class=\"elementor-container elementor-column-gap-default\">\n\t\t\t\t\t<div class=\"elementor-column elementor-col-100 elementor-top-column elementor-element elementor-element-65a12d3\" data-id=\"65a12d3\" data-element_type=\"column\">\n\t\t\t<div class=\"elementor-widget-wrap elementor-element-populated\">\n\t\t\t\t\t\t\t\t<div class=\"elementor-element elementor-element-8e2d3b5 elementor-widget elementor-widget-text-editor\" data-id=\"8e2d3b5\" data-element_type=\"widget\" data-widget_type=\"text-editor.default\">\n\t\t\t\t<div class=\"elementor-widget-container\">\n\t\t\t\t\t\t\t<p><span style=\"text-decoration: underline;\"><em>Si sos parte del Centro Educativo Alem y tenes una historia para contar comunicate a germanzavala96@gmail.com <\/em><\/span><\/p><p><span style=\"text-decoration: underline;\"><em>\u00a1Te estamos buscando!<\/em><\/span><\/p>\t\t\t\t\t\t<\/div>\n\t\t\t\t<\/div>\n\t\t\t\t\t<\/div>\n\t\t<\/div>\n\t\t\t\t\t\t\t<\/div>\n\t\t<\/section>\n\t\t\t\t\t\t\t<\/div>\n\t\t","protected":false},"excerpt":{"rendered":"<p>El s\u00e1bado 12 de marzo m\u00e1s de 300 vecinos de San Francisco Solano se acercaron al comedor comunitario Peke\u00f1itos para ser atendidos de forma gratuita, en una nueva jornada solidaria del Centro Educativo Alem, en conjunto con el Centro M\u00e9dico Alma y la ONG Tendiendo Puentes, encabezada por el concejal de Almirante Brown Germ\u00e1n Bonnemezon.<\/p>\n","protected":false},"author":3,"featured_media":504,"comment_status":"closed","ping_status":"open","sticky":true,"template":"","format":"standard","meta":[],"categories":[1],"tags":[4,3],"_links":{"self":[{"href":"http:\/\/centroeducativoalem.com\/novedades\/wp-json\/wp\/v2\/posts\/503"}],"collection":[{"href":"http:\/\/centroeducativoalem.com\/novedades\/wp-json\/wp\/v2\/posts"}],"about":[{"href":"http:\/\/centroeducativoalem.com\/novedades\/wp-json\/wp\/v2\/types\/post"}],"author":[{"embeddable":true,"href":"http:\/\/centroeducativoalem.com\/novedades\/wp-json\/wp\/v2\/users\/3"}],"replies":[{"embeddable":true,"href":"http:\/\/centroeducativoalem.com\/novedades\/wp-json\/wp\/v2\/comments?post=503"}],"version-history":[{"count":4,"href":"http:\/\/centroeducativoalem.com\/novedades\/wp-json\/wp\/v2\/posts\/503\/revisions"}],"predecessor-version":[{"id":509,"href":"http:\/\/centroeducativoalem.com\/novedades\/wp-json\/wp\/v2\/posts\/503\/revisions\/509"}],"wp:featuredmedia":[{"embeddable":true,"href":"http:\/\/centroeducativoalem.com\/novedades\/wp-json\/wp\/v2\/media\/504"}],"wp:attachment":[{"href":"http:\/\/centroeducativoalem.com\/novedades\/wp-json\/wp\/v2\/media?parent=503"}],"wp:term":[{"taxonomy":"category","embeddable":true,"href":"http:\/\/centroeducativoalem.com\/novedades\/wp-json\/wp\/v2\/categories?post=503"},{"taxonomy":"post_tag","embeddable":true,"href":"http:\/\/centroeducativoalem.com\/novedades\/wp-json\/wp\/v2\/tags?post=503"}],"curies":[{"name":"wp","href":"https:\/\/api.w.org\/{rel}","templated":true}]}}