{"id":394,"date":"2021-12-14T23:23:03","date_gmt":"2021-12-15T02:23:03","guid":{"rendered":"http:\/\/centroeducativoalem.com\/novedades\/?p=394"},"modified":"2023-07-13T14:52:32","modified_gmt":"2023-07-13T17:52:32","slug":"egresados-conoce-la-historia-de-patricia-hernando","status":"publish","type":"post","link":"http:\/\/centroeducativoalem.com\/novedades\/egresados-conoce-la-historia-de-patricia-hernando\/","title":{"rendered":"Egresados: Conoc\u00e9 la historia de Patricia Hernando"},"content":{"rendered":"\t\t<div data-elementor-type=\"wp-post\" data-elementor-id=\"394\" class=\"elementor elementor-394\">\n\t\t\t\t\t\t\t\t\t<section class=\"elementor-section elementor-top-section elementor-element elementor-element-73f2d31 elementor-section-boxed elementor-section-height-default elementor-section-height-default\" data-id=\"73f2d31\" data-element_type=\"section\">\n\t\t\t\t\t\t<div class=\"elementor-container elementor-column-gap-default\">\n\t\t\t\t\t<div class=\"elementor-column elementor-col-100 elementor-top-column elementor-element elementor-element-02c38a8\" data-id=\"02c38a8\" data-element_type=\"column\">\n\t\t\t<div class=\"elementor-widget-wrap elementor-element-populated\">\n\t\t\t\t\t\t\t\t<div class=\"elementor-element elementor-element-954f0a1 elementor-widget elementor-widget-text-editor\" data-id=\"954f0a1\" data-element_type=\"widget\" data-widget_type=\"text-editor.default\">\n\t\t\t\t<div class=\"elementor-widget-container\">\n\t\t\t<style>\/*! elementor - v3.6.6 - 08-06-2022 *\/\n.elementor-widget-text-editor.elementor-drop-cap-view-stacked .elementor-drop-cap{background-color:#818a91;color:#fff}.elementor-widget-text-editor.elementor-drop-cap-view-framed .elementor-drop-cap{color:#818a91;border:3px solid;background-color:transparent}.elementor-widget-text-editor:not(.elementor-drop-cap-view-default) .elementor-drop-cap{margin-top:8px}.elementor-widget-text-editor:not(.elementor-drop-cap-view-default) .elementor-drop-cap-letter{width:1em;height:1em}.elementor-widget-text-editor .elementor-drop-cap{float:left;text-align:center;line-height:1;font-size:50px}.elementor-widget-text-editor .elementor-drop-cap-letter{display:inline-block}<\/style>\t\t\t\t<p><span style=\"color: #212121; font-size: 24px; letter-spacing: -0.05em;\">C<\/span><span style=\"color: var( --e-global-color-text ); font-weight: var( --e-global-typography-text-font-weight );\">ada alumno que transita los pasillos del <strong>Centro Educativo Alem<\/strong>, para nosotros es un motivo de orgullo, que buscamos compartir con el resto de la comunidad. En esta publicaci\u00f3n los invitamos a conocer la historia de <strong>Patricia Lorena Hernando<\/strong>, quien se capacit\u00f3 de <strong>Auxiliar de Farmacia y Extraccionista con conocimientos en laboratorio<\/strong>, lo que la llev\u00f3 a expresar su felicidad por haber conseguido empleo en el <strong>Hospital Mu\u00f1iz<\/strong>.<\/span><\/p><p>\u00a0<\/p>\t\t\t\t\t\t<\/div>\n\t\t\t\t<\/div>\n\t\t\t\t\t<\/div>\n\t\t<\/div>\n\t\t\t\t\t\t\t<\/div>\n\t\t<\/section>\n\t\t\t\t<section class=\"elementor-section elementor-top-section elementor-element elementor-element-f07e770 elementor-section-boxed elementor-section-height-default elementor-section-height-default\" data-id=\"f07e770\" data-element_type=\"section\">\n\t\t\t\t\t\t<div class=\"elementor-container elementor-column-gap-default\">\n\t\t\t\t\t<div class=\"elementor-column elementor-col-100 elementor-top-column elementor-element elementor-element-fe879b8\" data-id=\"fe879b8\" data-element_type=\"column\">\n\t\t\t<div class=\"elementor-widget-wrap elementor-element-populated\">\n\t\t\t\t\t\t\t\t<div class=\"elementor-element elementor-element-3c01429 elementor-widget elementor-widget-image\" data-id=\"3c01429\" data-element_type=\"widget\" data-widget_type=\"image.default\">\n\t\t\t\t<div class=\"elementor-widget-container\">\n\t\t\t<style>\/*! elementor - v3.6.6 - 08-06-2022 *\/\n.elementor-widget-image{text-align:center}.elementor-widget-image a{display:inline-block}.elementor-widget-image a img[src$=\".svg\"]{width:48px}.elementor-widget-image img{vertical-align:middle;display:inline-block}<\/style>\t\t\t\t\t\t\t\t\t<figure class=\"wp-caption\">\n\t\t\t\t\t\t\t\t\t\t<img decoding=\"async\" width=\"576\" height=\"1024\" src=\"http:\/\/centroeducativoalem.com\/novedades\/wp-content\/uploads\/2021\/12\/Patricia-Hernando-576x1024.jpg\" class=\"attachment-large size-large\" alt=\"\" loading=\"lazy\" srcset=\"http:\/\/centroeducativoalem.com\/novedades\/wp-content\/uploads\/2021\/12\/Patricia-Hernando-576x1024.jpg 576w, http:\/\/centroeducativoalem.com\/novedades\/wp-content\/uploads\/2021\/12\/Patricia-Hernando-169x300.jpg 169w, http:\/\/centroeducativoalem.com\/novedades\/wp-content\/uploads\/2021\/12\/Patricia-Hernando.jpg 720w\" sizes=\"(max-width: 576px) 100vw, 576px\" \/>\t\t\t\t\t\t\t\t\t\t\t<figcaption class=\"widget-image-caption wp-caption-text\"><\/figcaption>\n\t\t\t\t\t\t\t\t\t\t<\/figure>\n\t\t\t\t\t\t\t\t\t<\/div>\n\t\t\t\t<\/div>\n\t\t\t\t<div class=\"elementor-element elementor-element-1fff242 elementor-widget elementor-widget-text-editor\" data-id=\"1fff242\" data-element_type=\"widget\" data-widget_type=\"text-editor.default\">\n\t\t\t\t<div class=\"elementor-widget-container\">\n\t\t\t\t\t\t\t<p>En mayo de este a\u00f1o, <strong>Patricia<\/strong> cruz\u00f3 la puerta de <strong>Alem 177<\/strong> para ser asesorada sobre las implicancias de la capacitaci\u00f3n de <strong>Auxiliar de Farmacia<\/strong> y sobre <strong>Extraccionista con conocimientos b\u00e1sicos de Laboratorio<\/strong>. Sin mucho que pensar, comparti\u00f3 que ambas pod\u00edan servirle para su objetivo de conseguir trabajo en la <span style=\"text-decoration: underline;\">rama de Salud, materia que la entusiasmaba<\/span>.\u00a0<\/p><p>Desde entonces, <em>comenz\u00f3 su formaci\u00f3n de la mano de la profesora Laura<\/em>, que m\u00e1s all\u00e1 de los conocimientos conceptuales, marc\u00f3 tambi\u00e9n la continuidad de su entusiasmo. &#8220;<em>Lali\u00a0 comenzaba con el tema del d\u00eda y cuando te dabas cuenta, te estaba ense\u00f1ando o explicando m\u00e1s all\u00e1 del tema y a m\u00ed en particular me sirvi\u00f3 mucho, al igual que las experiencias que contaron compa\u00f1eros de hospitales o cl\u00ednicas, que <span style=\"text-decoration: underline;\">nos situaban para aprender y no cometer errores<\/span><\/em>&#8220;.<\/p><p>A pesar de las dificultades propias en cualquier camino de aprendizaje, la alumna de <strong>Ingeniero Budge<\/strong> logr\u00f3 sobreponerse a las adversidades. Y una vez con su t\u00edtulo en mano, sali\u00f3 al mercado en busca de oportunidades.\u00a0&#8220;<em>En un principio, con esto de los protocolos y del aislamiento <span style=\"text-decoration: underline;\">lo ve\u00eda dif\u00edcil, pero me anim\u00e9<\/span> y escrib\u00ed una carta de presentaci\u00f3n para unos cuantos laboratorios. De esos, recib\u00ed dos respuestas y pas\u00e9 por laboratorios de an\u00e1lisis cl\u00ednicos privados y un d\u00eda, me contactaron para reemplazar al personal que estaba de licencia<\/em>&#8220;.<\/p><p>En la actualidad, se encuentra trabajando en\u00a0el sector de especializaci\u00f3n de enfermedades infecciosas respiratorias. <em>&#8220;La realidad es que toman empleados con experiencia y hoy los personales est\u00e1n en un momento de m\u00ednima presencia, pero <span style=\"text-decoration: underline;\">de a poco puedo decir que lo logr\u00e9<\/span>. Ac\u00e1 por suerte me toco gente muy copada y me tienen paciencia, la verdad es que estoy muy agradecida a ellas y al instituto. Siempre me acuerdo que la profesora Lali nos dec\u00eda que a esos hay que agradecerles y aprovecharlos al m\u00e1ximo&#8221;<\/em>.<\/p>\t\t\t\t\t\t<\/div>\n\t\t\t\t<\/div>\n\t\t\t\t\t<\/div>\n\t\t<\/div>\n\t\t\t\t\t\t\t<\/div>\n\t\t<\/section>\n\t\t\t\t<section class=\"elementor-section elementor-top-section elementor-element elementor-element-f200dcd elementor-section-boxed elementor-section-height-default elementor-section-height-default\" data-id=\"f200dcd\" data-element_type=\"section\">\n\t\t\t\t\t\t<div class=\"elementor-container elementor-column-gap-default\">\n\t\t\t\t\t<div class=\"elementor-column elementor-col-100 elementor-top-column elementor-element elementor-element-91982c6\" data-id=\"91982c6\" data-element_type=\"column\">\n\t\t\t<div class=\"elementor-widget-wrap elementor-element-populated\">\n\t\t\t\t\t\t\t\t<div class=\"elementor-element elementor-element-81aa563 elementor-widget elementor-widget-image\" data-id=\"81aa563\" data-element_type=\"widget\" data-widget_type=\"image.default\">\n\t\t\t\t<div class=\"elementor-widget-container\">\n\t\t\t\t\t\t\t\t\t\t\t\t\t\t\t<img decoding=\"async\" width=\"640\" height=\"333\" src=\"http:\/\/centroeducativoalem.com\/novedades\/wp-content\/uploads\/2021\/12\/Patricia-Hernando-II-768x400.jpeg\" class=\"attachment-medium_large size-medium_large\" alt=\"\" loading=\"lazy\" srcset=\"http:\/\/centroeducativoalem.com\/novedades\/wp-content\/uploads\/2021\/12\/Patricia-Hernando-II-768x400.jpeg 768w, http:\/\/centroeducativoalem.com\/novedades\/wp-content\/uploads\/2021\/12\/Patricia-Hernando-II-300x156.jpeg 300w, http:\/\/centroeducativoalem.com\/novedades\/wp-content\/uploads\/2021\/12\/Patricia-Hernando-II-1024x533.jpeg 1024w, http:\/\/centroeducativoalem.com\/novedades\/wp-content\/uploads\/2021\/12\/Patricia-Hernando-II.jpeg 1382w\" sizes=\"(max-width: 640px) 100vw, 640px\" \/>\t\t\t\t\t\t\t\t\t\t\t\t\t\t\t<\/div>\n\t\t\t\t<\/div>\n\t\t\t\t<div class=\"elementor-element elementor-element-8afe8a6 elementor-widget__width-initial elementor-widget elementor-widget-image\" data-id=\"8afe8a6\" data-element_type=\"widget\" data-widget_type=\"image.default\">\n\t\t\t\t<div class=\"elementor-widget-container\">\n\t\t\t\t\t\t\t\t\t\t\t\t\t\t\t\t<a href=\"http:\/\/www.centroeducativoalem.com\/novedades\">\n\t\t\t\t\t\t\t<img decoding=\"async\" width=\"512\" height=\"512\" src=\"http:\/\/centroeducativoalem.com\/novedades\/wp-content\/uploads\/2021\/11\/flecha.png\" class=\"attachment-full size-full\" alt=\"\" loading=\"lazy\" srcset=\"http:\/\/centroeducativoalem.com\/novedades\/wp-content\/uploads\/2021\/11\/flecha.png 512w, http:\/\/centroeducativoalem.com\/novedades\/wp-content\/uploads\/2021\/11\/flecha-300x300.png 300w, http:\/\/centroeducativoalem.com\/novedades\/wp-content\/uploads\/2021\/11\/flecha-150x150.png 150w\" sizes=\"(max-width: 512px) 100vw, 512px\" \/>\t\t\t\t\t\t\t\t<\/a>\n\t\t\t\t\t\t\t\t\t\t\t\t\t\t\t<\/div>\n\t\t\t\t<\/div>\n\t\t\t\t<div class=\"elementor-element elementor-element-afae770 elementor-widget elementor-widget-heading\" data-id=\"afae770\" data-element_type=\"widget\" data-widget_type=\"heading.default\">\n\t\t\t\t<div class=\"elementor-widget-container\">\n\t\t\t<style>\/*! elementor - v3.6.6 - 08-06-2022 *\/\n.elementor-heading-title{padding:0;margin:0;line-height:1}.elementor-widget-heading .elementor-heading-title[class*=elementor-size-]>a{color:inherit;font-size:inherit;line-height:inherit}.elementor-widget-heading .elementor-heading-title.elementor-size-small{font-size:15px}.elementor-widget-heading .elementor-heading-title.elementor-size-medium{font-size:19px}.elementor-widget-heading .elementor-heading-title.elementor-size-large{font-size:29px}.elementor-widget-heading .elementor-heading-title.elementor-size-xl{font-size:39px}.elementor-widget-heading .elementor-heading-title.elementor-size-xxl{font-size:59px}<\/style><div class=\"elementor-heading-title elementor-size-default\"><a href=\"http:\/\/www.centroeducativoalem.com\/novedades\">Volver<\/a><\/div>\t\t<\/div>\n\t\t\t\t<\/div>\n\t\t\t\t\t<\/div>\n\t\t<\/div>\n\t\t\t\t\t\t\t<\/div>\n\t\t<\/section>\n\t\t\t\t<section class=\"elementor-section elementor-top-section elementor-element elementor-element-0a8db3d elementor-section-boxed elementor-section-height-default elementor-section-height-default\" data-id=\"0a8db3d\" data-element_type=\"section\">\n\t\t\t\t\t\t<div class=\"elementor-container elementor-column-gap-default\">\n\t\t\t\t\t<div class=\"elementor-column elementor-col-100 elementor-top-column elementor-element elementor-element-0dbe56e\" data-id=\"0dbe56e\" data-element_type=\"column\">\n\t\t\t<div class=\"elementor-widget-wrap elementor-element-populated\">\n\t\t\t\t\t\t\t\t<div class=\"elementor-element elementor-element-be3eb57 elementor-widget-divider--view-line elementor-widget elementor-widget-divider\" data-id=\"be3eb57\" data-element_type=\"widget\" data-widget_type=\"divider.default\">\n\t\t\t\t<div class=\"elementor-widget-container\">\n\t\t\t<style>\/*! elementor - v3.6.6 - 08-06-2022 *\/\n.elementor-widget-divider{--divider-border-style:none;--divider-border-width:1px;--divider-color:#2c2c2c;--divider-icon-size:20px;--divider-element-spacing:10px;--divider-pattern-height:24px;--divider-pattern-size:20px;--divider-pattern-url:none;--divider-pattern-repeat:repeat-x}.elementor-widget-divider .elementor-divider{display:-webkit-box;display:-ms-flexbox;display:flex}.elementor-widget-divider .elementor-divider__text{font-size:15px;line-height:1;max-width:95%}.elementor-widget-divider .elementor-divider__element{margin:0 var(--divider-element-spacing);-ms-flex-negative:0;flex-shrink:0}.elementor-widget-divider .elementor-icon{font-size:var(--divider-icon-size)}.elementor-widget-divider .elementor-divider-separator{display:-webkit-box;display:-ms-flexbox;display:flex;margin:0;direction:ltr}.elementor-widget-divider--view-line_icon .elementor-divider-separator,.elementor-widget-divider--view-line_text .elementor-divider-separator{-webkit-box-align:center;-ms-flex-align:center;align-items:center}.elementor-widget-divider--view-line_icon .elementor-divider-separator:after,.elementor-widget-divider--view-line_icon .elementor-divider-separator:before,.elementor-widget-divider--view-line_text .elementor-divider-separator:after,.elementor-widget-divider--view-line_text .elementor-divider-separator:before{display:block;content:\"\";border-bottom:0;-webkit-box-flex:1;-ms-flex-positive:1;flex-grow:1;border-top:var(--divider-border-width) var(--divider-border-style) var(--divider-color)}.elementor-widget-divider--element-align-left .elementor-divider .elementor-divider-separator>.elementor-divider__svg:first-of-type{-webkit-box-flex:0;-ms-flex-positive:0;flex-grow:0;-ms-flex-negative:100;flex-shrink:100}.elementor-widget-divider--element-align-left .elementor-divider-separator:before{content:none}.elementor-widget-divider--element-align-left .elementor-divider__element{margin-left:0}.elementor-widget-divider--element-align-right .elementor-divider .elementor-divider-separator>.elementor-divider__svg:last-of-type{-webkit-box-flex:0;-ms-flex-positive:0;flex-grow:0;-ms-flex-negative:100;flex-shrink:100}.elementor-widget-divider--element-align-right .elementor-divider-separator:after{content:none}.elementor-widget-divider--element-align-right .elementor-divider__element{margin-right:0}.elementor-widget-divider:not(.elementor-widget-divider--view-line_text):not(.elementor-widget-divider--view-line_icon) .elementor-divider-separator{border-top:var(--divider-border-width) var(--divider-border-style) var(--divider-color)}.elementor-widget-divider--separator-type-pattern{--divider-border-style:none}.elementor-widget-divider--separator-type-pattern.elementor-widget-divider--view-line .elementor-divider-separator,.elementor-widget-divider--separator-type-pattern:not(.elementor-widget-divider--view-line) .elementor-divider-separator:after,.elementor-widget-divider--separator-type-pattern:not(.elementor-widget-divider--view-line) .elementor-divider-separator:before,.elementor-widget-divider--separator-type-pattern:not([class*=elementor-widget-divider--view]) .elementor-divider-separator{width:100%;min-height:var(--divider-pattern-height);-webkit-mask-size:var(--divider-pattern-size) 100%;mask-size:var(--divider-pattern-size) 100%;-webkit-mask-repeat:var(--divider-pattern-repeat);mask-repeat:var(--divider-pattern-repeat);background-color:var(--divider-color);-webkit-mask-image:var(--divider-pattern-url);mask-image:var(--divider-pattern-url)}.elementor-widget-divider--no-spacing{--divider-pattern-size:auto}.elementor-widget-divider--bg-round{--divider-pattern-repeat:round}.rtl .elementor-widget-divider .elementor-divider__text{direction:rtl}<\/style>\t\t<div class=\"elementor-divider\">\n\t\t\t<span class=\"elementor-divider-separator\">\n\t\t\t\t\t\t<\/span>\n\t\t<\/div>\n\t\t\t\t<\/div>\n\t\t\t\t<\/div>\n\t\t\t\t\t<\/div>\n\t\t<\/div>\n\t\t\t\t\t\t\t<\/div>\n\t\t<\/section>\n\t\t\t\t<section class=\"elementor-section elementor-top-section elementor-element elementor-element-463d7de elementor-section-boxed elementor-section-height-default elementor-section-height-default\" data-id=\"463d7de\" data-element_type=\"section\">\n\t\t\t\t\t\t<div class=\"elementor-container elementor-column-gap-default\">\n\t\t\t\t\t<div class=\"elementor-column elementor-col-100 elementor-top-column elementor-element elementor-element-65a12d3\" data-id=\"65a12d3\" data-element_type=\"column\">\n\t\t\t<div class=\"elementor-widget-wrap elementor-element-populated\">\n\t\t\t\t\t\t\t\t<div class=\"elementor-element elementor-element-8e2d3b5 elementor-widget elementor-widget-text-editor\" data-id=\"8e2d3b5\" data-element_type=\"widget\" data-widget_type=\"text-editor.default\">\n\t\t\t\t<div class=\"elementor-widget-container\">\n\t\t\t\t\t\t\t<p><span style=\"text-decoration: underline;\"><em>Si sos parte del Centro Educativo Alem y tenes una historia para contar comunicate a germanzavala96@gmail.com <\/em><\/span><\/p><p><span style=\"text-decoration: underline;\"><em>\u00a1Te estamos buscando!<\/em><\/span><\/p>\t\t\t\t\t\t<\/div>\n\t\t\t\t<\/div>\n\t\t\t\t\t<\/div>\n\t\t<\/div>\n\t\t\t\t\t\t\t<\/div>\n\t\t<\/section>\n\t\t\t\t\t\t\t<\/div>\n\t\t","protected":false},"excerpt":{"rendered":"<p>La historia de los alumnos que transitaron los pasillos del Centro Educativo Alem es lo m\u00e1s importante que tenemos para compartir. En esta publicaci\u00f3n, Patricia Hernando cuenta sobre su nuevo trabajo en el Hospital Mu\u00f1iz.<\/p>\n","protected":false},"author":3,"featured_media":395,"comment_status":"closed","ping_status":"open","sticky":false,"template":"","format":"standard","meta":[],"categories":[1],"tags":[5,4,6],"_links":{"self":[{"href":"http:\/\/centroeducativoalem.com\/novedades\/wp-json\/wp\/v2\/posts\/394"}],"collection":[{"href":"http:\/\/centroeducativoalem.com\/novedades\/wp-json\/wp\/v2\/posts"}],"about":[{"href":"http:\/\/centroeducativoalem.com\/novedades\/wp-json\/wp\/v2\/types\/post"}],"author":[{"embeddable":true,"href":"http:\/\/centroeducativoalem.com\/novedades\/wp-json\/wp\/v2\/users\/3"}],"replies":[{"embeddable":true,"href":"http:\/\/centroeducativoalem.com\/novedades\/wp-json\/wp\/v2\/comments?post=394"}],"version-history":[{"count":5,"href":"http:\/\/centroeducativoalem.com\/novedades\/wp-json\/wp\/v2\/posts\/394\/revisions"}],"predecessor-version":[{"id":749,"href":"http:\/\/centroeducativoalem.com\/novedades\/wp-json\/wp\/v2\/posts\/394\/revisions\/749"}],"wp:featuredmedia":[{"embeddable":true,"href":"http:\/\/centroeducativoalem.com\/novedades\/wp-json\/wp\/v2\/media\/395"}],"wp:attachment":[{"href":"http:\/\/centroeducativoalem.com\/novedades\/wp-json\/wp\/v2\/media?parent=394"}],"wp:term":[{"taxonomy":"category","embeddable":true,"href":"http:\/\/centroeducativoalem.com\/novedades\/wp-json\/wp\/v2\/categories?post=394"},{"taxonomy":"post_tag","embeddable":true,"href":"http:\/\/centroeducativoalem.com\/novedades\/wp-json\/wp\/v2\/tags?post=394"}],"curies":[{"name":"wp","href":"https:\/\/api.w.org\/{rel}","templated":true}]}}