{"id":373,"date":"2021-12-05T18:18:29","date_gmt":"2021-12-05T21:18:29","guid":{"rendered":"http:\/\/centroeducativoalem.com\/novedades\/?p=373"},"modified":"2023-07-13T14:52:30","modified_gmt":"2023-07-13T17:52:30","slug":"en-longchamps-el-cea-desarrollo-el-segundo-operativo-gratuito-de-salud","status":"publish","type":"post","link":"http:\/\/centroeducativoalem.com\/novedades\/en-longchamps-el-cea-desarrollo-el-segundo-operativo-gratuito-de-salud\/","title":{"rendered":"En Longchamps, el CEA desarroll\u00f3 un nuevo Operativo Gratuito de Salud"},"content":{"rendered":"\t\t<div data-elementor-type=\"wp-post\" data-elementor-id=\"373\" class=\"elementor elementor-373\">\n\t\t\t\t\t\t\t\t\t<section class=\"elementor-section elementor-top-section elementor-element elementor-element-73f2d31 elementor-section-boxed elementor-section-height-default elementor-section-height-default\" data-id=\"73f2d31\" data-element_type=\"section\">\n\t\t\t\t\t\t<div class=\"elementor-container elementor-column-gap-default\">\n\t\t\t\t\t<div class=\"elementor-column elementor-col-100 elementor-top-column elementor-element elementor-element-02c38a8\" data-id=\"02c38a8\" data-element_type=\"column\">\n\t\t\t<div class=\"elementor-widget-wrap elementor-element-populated\">\n\t\t\t\t\t\t\t\t<div class=\"elementor-element elementor-element-954f0a1 elementor-widget elementor-widget-text-editor\" data-id=\"954f0a1\" data-element_type=\"widget\" data-widget_type=\"text-editor.default\">\n\t\t\t\t<div class=\"elementor-widget-container\">\n\t\t\t<style>\/*! elementor - v3.6.6 - 08-06-2022 *\/\n.elementor-widget-text-editor.elementor-drop-cap-view-stacked .elementor-drop-cap{background-color:#818a91;color:#fff}.elementor-widget-text-editor.elementor-drop-cap-view-framed .elementor-drop-cap{color:#818a91;border:3px solid;background-color:transparent}.elementor-widget-text-editor:not(.elementor-drop-cap-view-default) .elementor-drop-cap{margin-top:8px}.elementor-widget-text-editor:not(.elementor-drop-cap-view-default) .elementor-drop-cap-letter{width:1em;height:1em}.elementor-widget-text-editor .elementor-drop-cap{float:left;text-align:center;line-height:1;font-size:50px}.elementor-widget-text-editor .elementor-drop-cap-letter{display:inline-block}<\/style>\t\t\t\t<p><span style=\"color: #212121; font-size: 24px; letter-spacing: -0.05em;\">M<\/span><span style=\"color: var( --e-global-color-text ); font-weight: var( --e-global-typography-text-font-weight );\">\u00e1s de 250 vecinos del barrio Rayo de Sol en Longchamps fueron asistidos en un nuevo Operativo Gratuito de Salud, llevada adelante el s\u00e1bado a partir de las 9 por el <em>Centro Educativo Alem<\/em>, el <em>Centro M\u00e9dico Alma<\/em>, la ONG <em>Tendiendo puentes<\/em>, la <em>Agrupaci\u00f3n &#8220;11 de diciembre&#8221;<\/em> y la colaboraci\u00f3n del Concejal <em>Germ\u00e1n Bonnemezon<\/em>.<\/span><\/p><p><span style=\"color: var( --e-global-color-text ); font-weight: var( --e-global-typography-text-font-weight );\">\u00a0<\/span><\/p>\t\t\t\t\t\t<\/div>\n\t\t\t\t<\/div>\n\t\t\t\t\t<\/div>\n\t\t<\/div>\n\t\t\t\t\t\t\t<\/div>\n\t\t<\/section>\n\t\t\t\t<section class=\"elementor-section elementor-top-section elementor-element elementor-element-f07e770 elementor-section-boxed elementor-section-height-default elementor-section-height-default\" data-id=\"f07e770\" data-element_type=\"section\">\n\t\t\t\t\t\t<div class=\"elementor-container elementor-column-gap-default\">\n\t\t\t\t\t<div class=\"elementor-column elementor-col-100 elementor-top-column elementor-element elementor-element-fe879b8\" data-id=\"fe879b8\" data-element_type=\"column\">\n\t\t\t<div class=\"elementor-widget-wrap elementor-element-populated\">\n\t\t\t\t\t\t\t\t<div class=\"elementor-element elementor-element-3c01429 elementor-widget elementor-widget-image\" data-id=\"3c01429\" data-element_type=\"widget\" data-widget_type=\"image.default\">\n\t\t\t\t<div class=\"elementor-widget-container\">\n\t\t\t<style>\/*! elementor - v3.6.6 - 08-06-2022 *\/\n.elementor-widget-image{text-align:center}.elementor-widget-image a{display:inline-block}.elementor-widget-image a img[src$=\".svg\"]{width:48px}.elementor-widget-image img{vertical-align:middle;display:inline-block}<\/style>\t\t\t\t\t\t\t\t\t<figure class=\"wp-caption\">\n\t\t\t\t\t\t\t\t\t\t<img decoding=\"async\" width=\"640\" height=\"479\" src=\"http:\/\/centroeducativoalem.com\/novedades\/wp-content\/uploads\/2021\/12\/WhatsApp-Image-2021-12-05-at-14.04.01-1024x766.jpeg\" class=\"attachment-large size-large\" alt=\"\" loading=\"lazy\" srcset=\"http:\/\/centroeducativoalem.com\/novedades\/wp-content\/uploads\/2021\/12\/WhatsApp-Image-2021-12-05-at-14.04.01-1024x766.jpeg 1024w, http:\/\/centroeducativoalem.com\/novedades\/wp-content\/uploads\/2021\/12\/WhatsApp-Image-2021-12-05-at-14.04.01-300x225.jpeg 300w, http:\/\/centroeducativoalem.com\/novedades\/wp-content\/uploads\/2021\/12\/WhatsApp-Image-2021-12-05-at-14.04.01-768x575.jpeg 768w, http:\/\/centroeducativoalem.com\/novedades\/wp-content\/uploads\/2021\/12\/WhatsApp-Image-2021-12-05-at-14.04.01.jpeg 1296w\" sizes=\"(max-width: 640px) 100vw, 640px\" \/>\t\t\t\t\t\t\t\t\t\t\t<figcaption class=\"widget-image-caption wp-caption-text\"><\/figcaption>\n\t\t\t\t\t\t\t\t\t\t<\/figure>\n\t\t\t\t\t\t\t\t\t<\/div>\n\t\t\t\t<\/div>\n\t\t\t\t<div class=\"elementor-element elementor-element-1fff242 elementor-widget elementor-widget-text-editor\" data-id=\"1fff242\" data-element_type=\"widget\" data-widget_type=\"text-editor.default\">\n\t\t\t\t<div class=\"elementor-widget-container\">\n\t\t\t\t\t\t\t<p>El barrio <strong>Rayo de Sol<\/strong> sufre muchas problem\u00e1ticas que en este \u00faltimo tiempo se profundizaron en el Conurbano Bonaerense, con necesidades m\u00e9dicas en aumento y <span style=\"text-decoration: underline;\">dificultades de acceder a un servicio de calidad<\/span>, alejado de altos costos monetarios. Este motivo impuls\u00f3 un nuevo <strong>Operativo Gratuito de Salud<\/strong>, para los vecinos de Longchamps.<\/p><p>Para una correcta organizaci\u00f3n y con la premisa de mantener protocolos sanitarios, los turnos fueron otorgados desde las 9, para especialidades de <span style=\"font-weight: 400;\"><span style=\"text-decoration: underline;\">Pediatr\u00eda, Electrocardiogramas, controles de glucemia, saturaci\u00f3n, tensi\u00f3n arterial y enfermedades venereas<\/span>.<\/span><\/p><p><span style=\"font-weight: 400;\">La agrupaci\u00f3n &#8220;<strong>11 de diciembre<\/strong>&#8221; orden\u00f3 las instalaciones en la casa de Morena, una gentil vecina que desde el primer momento se puso a disposici\u00f3n de las urgencias de sus vecinos. La buena noticia de la jornada fue la ausencia de la lluvia, que podr\u00eda haber complicado la concurrencia al evento.<\/span><\/p><p>Por su parte, el <strong>CEA<\/strong> aport\u00f3 m\u00e1s de 20 profesionales graduados en el \u00e1rea de Salud, que trabajaron a la par de <strong>ALMA<\/strong>, que en sinton\u00eda de lo que ocurri\u00f3 en el <a href=\"http:\/\/centroeducativoalem.com\/novedades\/el-cea-desarrollo-un-operativo-de-salud-con-egresados-del-cea\/\"><span style=\"color: #000000;\">Operativo de Salud de Noviembre<\/span><\/a>, en las instalaciones de la Parroquia Nuestra Se\u00f1ora del Tr\u00e1nsito en <strong>Ministro Rivadavia<\/strong>, ante caso de mayor gravedad, se les conced\u00edan turnos sin costo para atenderse en su centro, ubicado en <strong>Lomas de Zamora<\/strong>.\u00a0<\/p>\t\t\t\t\t\t<\/div>\n\t\t\t\t<\/div>\n\t\t\t\t\t<\/div>\n\t\t<\/div>\n\t\t\t\t\t\t\t<\/div>\n\t\t<\/section>\n\t\t\t\t<section class=\"elementor-section elementor-top-section elementor-element elementor-element-f200dcd elementor-section-boxed elementor-section-height-default elementor-section-height-default\" data-id=\"f200dcd\" data-element_type=\"section\">\n\t\t\t\t\t\t<div class=\"elementor-container elementor-column-gap-default\">\n\t\t\t\t\t<div class=\"elementor-column elementor-col-100 elementor-top-column elementor-element elementor-element-91982c6\" data-id=\"91982c6\" data-element_type=\"column\">\n\t\t\t<div class=\"elementor-widget-wrap elementor-element-populated\">\n\t\t\t\t\t\t\t\t<div class=\"elementor-element elementor-element-81aa563 elementor-widget elementor-widget-image\" data-id=\"81aa563\" data-element_type=\"widget\" data-widget_type=\"image.default\">\n\t\t\t\t<div class=\"elementor-widget-container\">\n\t\t\t\t\t\t\t\t\t\t\t\t\t\t\t<img decoding=\"async\" width=\"640\" height=\"479\" src=\"http:\/\/centroeducativoalem.com\/novedades\/wp-content\/uploads\/2021\/12\/WhatsApp-Image-2021-12-05-at-14.04.04-1-768x575.jpeg\" class=\"attachment-medium_large size-medium_large\" alt=\"\" loading=\"lazy\" srcset=\"http:\/\/centroeducativoalem.com\/novedades\/wp-content\/uploads\/2021\/12\/WhatsApp-Image-2021-12-05-at-14.04.04-1-768x575.jpeg 768w, http:\/\/centroeducativoalem.com\/novedades\/wp-content\/uploads\/2021\/12\/WhatsApp-Image-2021-12-05-at-14.04.04-1-300x225.jpeg 300w, http:\/\/centroeducativoalem.com\/novedades\/wp-content\/uploads\/2021\/12\/WhatsApp-Image-2021-12-05-at-14.04.04-1-1024x766.jpeg 1024w, http:\/\/centroeducativoalem.com\/novedades\/wp-content\/uploads\/2021\/12\/WhatsApp-Image-2021-12-05-at-14.04.04-1.jpeg 1296w\" sizes=\"(max-width: 640px) 100vw, 640px\" \/>\t\t\t\t\t\t\t\t\t\t\t\t\t\t\t<\/div>\n\t\t\t\t<\/div>\n\t\t\t\t<div class=\"elementor-element elementor-element-6e28098 elementor-widget elementor-widget-text-editor\" data-id=\"6e28098\" data-element_type=\"widget\" data-widget_type=\"text-editor.default\">\n\t\t\t\t<div class=\"elementor-widget-container\">\n\t\t\t\t\t\t\t<p><strong>Tendiendo Puentes<\/strong> se encarg\u00f3 de colaborar con los recursos necesarios. Adem\u00e1s, se hizo presente el Concejal <strong>Germ\u00e1n Bonnemezon<\/strong> y la presidenta de la ONG <strong>Barbara Singer,<\/strong> quienes <span style=\"text-decoration: underline;\">compartieron la jornada junto a los vecinos<\/span> y parte del gran grupo de trabajo de la organizaci\u00f3n sin fines de lucro. Los longchanenses contaron sus preocupaciones principales, agradecieron el trabajo colectivo y pidieron que se repliquen estos eventos.<\/p><p>En total de la jornada, pasaron <span style=\"text-decoration: underline;\">m\u00e1s de 250 personas atentidas<\/span>, lo que dej\u00f3 m\u00e1s que conforme a los organizadores, que contin\u00faan con el intenci\u00f3n de colaborar con la regi\u00f3n.<\/p><p>A su vez, agradecemos el trabajo a los organizadores\u00a0<strong>Luis Alvarez<\/strong> y\u00a0<strong>Fernando Ch\u00e1vez<\/strong>, para la planificaci\u00f3n y ejecuci\u00f3n del evento.\u00a0<\/p>\t\t\t\t\t\t<\/div>\n\t\t\t\t<\/div>\n\t\t\t\t<div class=\"elementor-element elementor-element-8fe155d elementor-widget elementor-widget-google_maps\" data-id=\"8fe155d\" data-element_type=\"widget\" data-widget_type=\"google_maps.default\">\n\t\t\t\t<div class=\"elementor-widget-container\">\n\t\t\t<style>\/*! elementor - v3.6.6 - 08-06-2022 *\/\n.elementor-widget-google_maps .elementor-widget-container{overflow:hidden}.elementor-widget-google_maps iframe{height:300px}<\/style>\t\t<div class=\"elementor-custom-embed\">\n\t\t\t<iframe frameborder=\"0\" scrolling=\"no\" marginheight=\"0\" marginwidth=\"0\"\n\t\t\t\t\tsrc=\"https:\/\/maps.google.com\/maps?q=-34.88261795043945%2C-58.41218948364258&#038;t=m&#038;z=15&#038;output=embed&#038;iwloc=near\"\n\t\t\t\t\ttitle=\"-34.88261795043945,-58.41218948364258\"\n\t\t\t\t\taria-label=\"-34.88261795043945,-58.41218948364258\"\n\t\t\t><\/iframe>\n\t\t<\/div>\n\t\t\t\t<\/div>\n\t\t\t\t<\/div>\n\t\t\t\t<div class=\"elementor-element elementor-element-8afe8a6 elementor-widget__width-initial elementor-widget elementor-widget-image\" data-id=\"8afe8a6\" data-element_type=\"widget\" data-widget_type=\"image.default\">\n\t\t\t\t<div class=\"elementor-widget-container\">\n\t\t\t\t\t\t\t\t\t\t\t\t\t\t\t\t<a href=\"http:\/\/www.centroeducativoalem.com\/novedades\">\n\t\t\t\t\t\t\t<img decoding=\"async\" width=\"512\" height=\"512\" src=\"http:\/\/centroeducativoalem.com\/novedades\/wp-content\/uploads\/2021\/11\/flecha.png\" class=\"attachment-full size-full\" alt=\"\" loading=\"lazy\" srcset=\"http:\/\/centroeducativoalem.com\/novedades\/wp-content\/uploads\/2021\/11\/flecha.png 512w, http:\/\/centroeducativoalem.com\/novedades\/wp-content\/uploads\/2021\/11\/flecha-300x300.png 300w, http:\/\/centroeducativoalem.com\/novedades\/wp-content\/uploads\/2021\/11\/flecha-150x150.png 150w\" sizes=\"(max-width: 512px) 100vw, 512px\" \/>\t\t\t\t\t\t\t\t<\/a>\n\t\t\t\t\t\t\t\t\t\t\t\t\t\t\t<\/div>\n\t\t\t\t<\/div>\n\t\t\t\t<div class=\"elementor-element elementor-element-afae770 elementor-widget elementor-widget-heading\" data-id=\"afae770\" data-element_type=\"widget\" data-widget_type=\"heading.default\">\n\t\t\t\t<div class=\"elementor-widget-container\">\n\t\t\t<style>\/*! elementor - v3.6.6 - 08-06-2022 *\/\n.elementor-heading-title{padding:0;margin:0;line-height:1}.elementor-widget-heading .elementor-heading-title[class*=elementor-size-]>a{color:inherit;font-size:inherit;line-height:inherit}.elementor-widget-heading .elementor-heading-title.elementor-size-small{font-size:15px}.elementor-widget-heading .elementor-heading-title.elementor-size-medium{font-size:19px}.elementor-widget-heading .elementor-heading-title.elementor-size-large{font-size:29px}.elementor-widget-heading .elementor-heading-title.elementor-size-xl{font-size:39px}.elementor-widget-heading .elementor-heading-title.elementor-size-xxl{font-size:59px}<\/style><div class=\"elementor-heading-title elementor-size-default\"><a href=\"http:\/\/www.centroeducativoalem.com\/novedades\">Volver<\/a><\/div>\t\t<\/div>\n\t\t\t\t<\/div>\n\t\t\t\t\t<\/div>\n\t\t<\/div>\n\t\t\t\t\t\t\t<\/div>\n\t\t<\/section>\n\t\t\t\t<section class=\"elementor-section elementor-top-section elementor-element elementor-element-0a8db3d elementor-section-boxed elementor-section-height-default elementor-section-height-default\" data-id=\"0a8db3d\" data-element_type=\"section\">\n\t\t\t\t\t\t<div class=\"elementor-container elementor-column-gap-default\">\n\t\t\t\t\t<div class=\"elementor-column elementor-col-100 elementor-top-column elementor-element elementor-element-0dbe56e\" data-id=\"0dbe56e\" data-element_type=\"column\">\n\t\t\t<div class=\"elementor-widget-wrap elementor-element-populated\">\n\t\t\t\t\t\t\t\t<div class=\"elementor-element elementor-element-be3eb57 elementor-widget-divider--view-line elementor-widget elementor-widget-divider\" data-id=\"be3eb57\" data-element_type=\"widget\" data-widget_type=\"divider.default\">\n\t\t\t\t<div class=\"elementor-widget-container\">\n\t\t\t<style>\/*! elementor - v3.6.6 - 08-06-2022 *\/\n.elementor-widget-divider{--divider-border-style:none;--divider-border-width:1px;--divider-color:#2c2c2c;--divider-icon-size:20px;--divider-element-spacing:10px;--divider-pattern-height:24px;--divider-pattern-size:20px;--divider-pattern-url:none;--divider-pattern-repeat:repeat-x}.elementor-widget-divider .elementor-divider{display:-webkit-box;display:-ms-flexbox;display:flex}.elementor-widget-divider .elementor-divider__text{font-size:15px;line-height:1;max-width:95%}.elementor-widget-divider .elementor-divider__element{margin:0 var(--divider-element-spacing);-ms-flex-negative:0;flex-shrink:0}.elementor-widget-divider .elementor-icon{font-size:var(--divider-icon-size)}.elementor-widget-divider .elementor-divider-separator{display:-webkit-box;display:-ms-flexbox;display:flex;margin:0;direction:ltr}.elementor-widget-divider--view-line_icon .elementor-divider-separator,.elementor-widget-divider--view-line_text .elementor-divider-separator{-webkit-box-align:center;-ms-flex-align:center;align-items:center}.elementor-widget-divider--view-line_icon .elementor-divider-separator:after,.elementor-widget-divider--view-line_icon .elementor-divider-separator:before,.elementor-widget-divider--view-line_text .elementor-divider-separator:after,.elementor-widget-divider--view-line_text .elementor-divider-separator:before{display:block;content:\"\";border-bottom:0;-webkit-box-flex:1;-ms-flex-positive:1;flex-grow:1;border-top:var(--divider-border-width) var(--divider-border-style) var(--divider-color)}.elementor-widget-divider--element-align-left .elementor-divider .elementor-divider-separator>.elementor-divider__svg:first-of-type{-webkit-box-flex:0;-ms-flex-positive:0;flex-grow:0;-ms-flex-negative:100;flex-shrink:100}.elementor-widget-divider--element-align-left .elementor-divider-separator:before{content:none}.elementor-widget-divider--element-align-left .elementor-divider__element{margin-left:0}.elementor-widget-divider--element-align-right .elementor-divider .elementor-divider-separator>.elementor-divider__svg:last-of-type{-webkit-box-flex:0;-ms-flex-positive:0;flex-grow:0;-ms-flex-negative:100;flex-shrink:100}.elementor-widget-divider--element-align-right .elementor-divider-separator:after{content:none}.elementor-widget-divider--element-align-right .elementor-divider__element{margin-right:0}.elementor-widget-divider:not(.elementor-widget-divider--view-line_text):not(.elementor-widget-divider--view-line_icon) .elementor-divider-separator{border-top:var(--divider-border-width) var(--divider-border-style) var(--divider-color)}.elementor-widget-divider--separator-type-pattern{--divider-border-style:none}.elementor-widget-divider--separator-type-pattern.elementor-widget-divider--view-line .elementor-divider-separator,.elementor-widget-divider--separator-type-pattern:not(.elementor-widget-divider--view-line) .elementor-divider-separator:after,.elementor-widget-divider--separator-type-pattern:not(.elementor-widget-divider--view-line) .elementor-divider-separator:before,.elementor-widget-divider--separator-type-pattern:not([class*=elementor-widget-divider--view]) .elementor-divider-separator{width:100%;min-height:var(--divider-pattern-height);-webkit-mask-size:var(--divider-pattern-size) 100%;mask-size:var(--divider-pattern-size) 100%;-webkit-mask-repeat:var(--divider-pattern-repeat);mask-repeat:var(--divider-pattern-repeat);background-color:var(--divider-color);-webkit-mask-image:var(--divider-pattern-url);mask-image:var(--divider-pattern-url)}.elementor-widget-divider--no-spacing{--divider-pattern-size:auto}.elementor-widget-divider--bg-round{--divider-pattern-repeat:round}.rtl .elementor-widget-divider .elementor-divider__text{direction:rtl}<\/style>\t\t<div class=\"elementor-divider\">\n\t\t\t<span class=\"elementor-divider-separator\">\n\t\t\t\t\t\t<\/span>\n\t\t<\/div>\n\t\t\t\t<\/div>\n\t\t\t\t<\/div>\n\t\t\t\t\t<\/div>\n\t\t<\/div>\n\t\t\t\t\t\t\t<\/div>\n\t\t<\/section>\n\t\t\t\t<section class=\"elementor-section elementor-top-section elementor-element elementor-element-463d7de elementor-section-boxed elementor-section-height-default elementor-section-height-default\" data-id=\"463d7de\" data-element_type=\"section\">\n\t\t\t\t\t\t<div class=\"elementor-container elementor-column-gap-default\">\n\t\t\t\t\t<div class=\"elementor-column elementor-col-100 elementor-top-column elementor-element elementor-element-65a12d3\" data-id=\"65a12d3\" data-element_type=\"column\">\n\t\t\t<div class=\"elementor-widget-wrap elementor-element-populated\">\n\t\t\t\t\t\t\t\t<div class=\"elementor-element elementor-element-8e2d3b5 elementor-widget elementor-widget-text-editor\" data-id=\"8e2d3b5\" data-element_type=\"widget\" data-widget_type=\"text-editor.default\">\n\t\t\t\t<div class=\"elementor-widget-container\">\n\t\t\t\t\t\t\t<p><span style=\"text-decoration: underline;\"><em>Si sos parte del Centro Educativo Alem y tenes una historia para contar comunicate a germanzavala96@gmail.com <\/em><\/span><\/p><p><span style=\"text-decoration: underline;\"><em>\u00a1Te estamos buscando!<\/em><\/span><\/p>\t\t\t\t\t\t<\/div>\n\t\t\t\t<\/div>\n\t\t\t\t\t<\/div>\n\t\t<\/div>\n\t\t\t\t\t\t\t<\/div>\n\t\t<\/section>\n\t\t\t\t\t\t\t<\/div>\n\t\t","protected":false},"excerpt":{"rendered":"<p>El s\u00e1bado 4 de diciembre m\u00e1s de 250 vecinos del barrio Rayo de Sol, en Longchamps, fueron atendidos de forma gratuita gracias a la colaboraci\u00f3n del Centro Educativo Alem, el Centro M\u00e9dico Alma, la Agrupaci\u00f3n &#8220;11 de Diciembre&#8221; y la ONG Tendiendo Puentes.<\/p>\n","protected":false},"author":3,"featured_media":374,"comment_status":"closed","ping_status":"open","sticky":false,"template":"","format":"standard","meta":[],"categories":[1],"tags":[4,3],"_links":{"self":[{"href":"http:\/\/centroeducativoalem.com\/novedades\/wp-json\/wp\/v2\/posts\/373"}],"collection":[{"href":"http:\/\/centroeducativoalem.com\/novedades\/wp-json\/wp\/v2\/posts"}],"about":[{"href":"http:\/\/centroeducativoalem.com\/novedades\/wp-json\/wp\/v2\/types\/post"}],"author":[{"embeddable":true,"href":"http:\/\/centroeducativoalem.com\/novedades\/wp-json\/wp\/v2\/users\/3"}],"replies":[{"embeddable":true,"href":"http:\/\/centroeducativoalem.com\/novedades\/wp-json\/wp\/v2\/comments?post=373"}],"version-history":[{"count":11,"href":"http:\/\/centroeducativoalem.com\/novedades\/wp-json\/wp\/v2\/posts\/373\/revisions"}],"predecessor-version":[{"id":388,"href":"http:\/\/centroeducativoalem.com\/novedades\/wp-json\/wp\/v2\/posts\/373\/revisions\/388"}],"wp:featuredmedia":[{"embeddable":true,"href":"http:\/\/centroeducativoalem.com\/novedades\/wp-json\/wp\/v2\/media\/374"}],"wp:attachment":[{"href":"http:\/\/centroeducativoalem.com\/novedades\/wp-json\/wp\/v2\/media?parent=373"}],"wp:term":[{"taxonomy":"category","embeddable":true,"href":"http:\/\/centroeducativoalem.com\/novedades\/wp-json\/wp\/v2\/categories?post=373"},{"taxonomy":"post_tag","embeddable":true,"href":"http:\/\/centroeducativoalem.com\/novedades\/wp-json\/wp\/v2\/tags?post=373"}],"curies":[{"name":"wp","href":"https:\/\/api.w.org\/{rel}","templated":true}]}}