{"id":121,"date":"2021-11-02T15:46:28","date_gmt":"2021-11-02T15:46:28","guid":{"rendered":"http:\/\/centroeducativoalem.com\/novedades\/?p=121"},"modified":"2021-11-05T16:21:24","modified_gmt":"2021-11-05T16:21:24","slug":"avance-de-la-educacion-a-distancia-en-lomas-de-zamora","status":"publish","type":"post","link":"http:\/\/centroeducativoalem.com\/novedades\/avance-de-la-educacion-a-distancia-en-lomas-de-zamora\/","title":{"rendered":"AVANCE DE LA EDUCACION A DISTANCIA EN LOMAS DE ZAMORA"},"content":{"rendered":"\t\t<div data-elementor-type=\"wp-post\" data-elementor-id=\"121\" class=\"elementor elementor-121\">\n\t\t\t\t\t\t\t\t\t<section class=\"elementor-section elementor-top-section elementor-element elementor-element-f07e770 elementor-section-boxed elementor-section-height-default elementor-section-height-default\" data-id=\"f07e770\" data-element_type=\"section\">\n\t\t\t\t\t\t<div class=\"elementor-container elementor-column-gap-default\">\n\t\t\t\t\t<div class=\"elementor-column elementor-col-100 elementor-top-column elementor-element elementor-element-fe879b8\" data-id=\"fe879b8\" data-element_type=\"column\">\n\t\t\t<div class=\"elementor-widget-wrap elementor-element-populated\">\n\t\t\t\t\t\t\t\t<div class=\"elementor-element elementor-element-1fff242 elementor-widget elementor-widget-text-editor\" data-id=\"1fff242\" data-element_type=\"widget\" data-widget_type=\"text-editor.default\">\n\t\t\t\t<div class=\"elementor-widget-container\">\n\t\t\t<style>\/*! elementor - v3.6.6 - 08-06-2022 *\/\n.elementor-widget-text-editor.elementor-drop-cap-view-stacked .elementor-drop-cap{background-color:#818a91;color:#fff}.elementor-widget-text-editor.elementor-drop-cap-view-framed .elementor-drop-cap{color:#818a91;border:3px solid;background-color:transparent}.elementor-widget-text-editor:not(.elementor-drop-cap-view-default) .elementor-drop-cap{margin-top:8px}.elementor-widget-text-editor:not(.elementor-drop-cap-view-default) .elementor-drop-cap-letter{width:1em;height:1em}.elementor-widget-text-editor .elementor-drop-cap{float:left;text-align:center;line-height:1;font-size:50px}.elementor-widget-text-editor .elementor-drop-cap-letter{display:inline-block}<\/style>\t\t\t\t<p><a href=\"http:\/\/centroeducativoalem.com\/novedades\/wp-content\/uploads\/2021\/11\/foto3.jpg\"><img decoding=\"async\" loading=\"lazy\" class=\"aligncenter wp-image-115 size-full\" src=\"http:\/\/centroeducativoalem.com\/novedades\/wp-content\/uploads\/2021\/11\/foto3.jpg\" alt=\"\" width=\"1166\" height=\"777\" srcset=\"http:\/\/centroeducativoalem.com\/novedades\/wp-content\/uploads\/2021\/11\/foto3.jpg 1166w, http:\/\/centroeducativoalem.com\/novedades\/wp-content\/uploads\/2021\/11\/foto3-300x200.jpg 300w, http:\/\/centroeducativoalem.com\/novedades\/wp-content\/uploads\/2021\/11\/foto3-1024x682.jpg 1024w, http:\/\/centroeducativoalem.com\/novedades\/wp-content\/uploads\/2021\/11\/foto3-768x512.jpg 768w\" sizes=\"(max-width: 1166px) 100vw, 1166px\" \/><\/a>El mi\u00e9rcoles 13 a partir de las 19.30, el Centro Educativo Alem y la Universidad de San Pablo de Tucum\u00e1n firmaron un acuerdo para potenciar la calidad educativa virtual de ambas instituciones, en el Teatro Municipal de Lomas de Zamora, lo que significa tambi\u00e9n un gran crecimiento para la comunidad, que mediantes becas parciales y totales acceden a sus estudios.<br \/>En el marco de los 20 a\u00f1os del CEA, donde lograron capacitarse m\u00e1s de 50 mil alumnos en su mayor\u00eda provenientes de zonas aleda\u00f1as de la Zona Sur y pertenecientes a clases socioecon\u00f3micas medias y bajas, la instituci\u00f3n lomense dio un salto cualitativo con el acuerdo realizado con la Universidad de San Pablo T, lo que beneficiar\u00e1 a todos sus alumnos.<br \/>De este modo, las capacitaciones laborales y certificaciones extender\u00e1n su validez a nivel nacional, lo que facilitar\u00e1 la inclusi\u00f3n al mundo laboral, principal motivo por el cual los estudiantes deciden capacitarse en las \u00e1reas de Bachiller, salud, oficios e idiomas.<br \/>A su vez, en el acto que cont\u00f3 con la presencia de representantes del municipio lomense, el Director del Centro Educativo Alem, Alvaro Casas, y el Rector de la Universidad San Pablo de Tucum\u00e1n, Ramiro Albarrac\u00edn, expresaron sus pareceres.<br \/>Por su parte, Alvaro Casas se\u00f1al\u00f3: \u201cNosotros como entidad vamos a apostar por el futuro. Creemos que la educaci\u00f3n es un sin\u00f3nimo de futuro. Uno mira para atr\u00e1s los 20 a\u00f1os de trabajo y le da un poco de nostalgia, pero siempre tuvimos los valores claros para salir adelante ante cualquier obst\u00e1culo. Creemos que si la educaci\u00f3n sirve aunque sea para cambiarle la vida a un solo alumno, ya es m\u00e1s que suficiente, porque siempre decimos que pueden arrebatarnos cualquier cosa material, pero los conocimientos son lo \u00fanico que va a ser nuestro para siempre. Ese es nuestro objetivo, lo que venimos haciendo hace 20 a\u00f1os y lo que vamos a potenciar deahora en m\u00e1s\u201d.<\/p><p><a href=\"http:\/\/centroeducativoalem.com\/novedades\/wp-content\/uploads\/2021\/11\/foto4.jpg\"><img decoding=\"async\" loading=\"lazy\" class=\"alignnone wp-image-116 size-large\" src=\"http:\/\/centroeducativoalem.com\/novedades\/wp-content\/uploads\/2021\/11\/foto4-1024x684.jpg\" alt=\"\" width=\"640\" height=\"428\" srcset=\"http:\/\/centroeducativoalem.com\/novedades\/wp-content\/uploads\/2021\/11\/foto4-1024x684.jpg 1024w, http:\/\/centroeducativoalem.com\/novedades\/wp-content\/uploads\/2021\/11\/foto4-300x200.jpg 300w, http:\/\/centroeducativoalem.com\/novedades\/wp-content\/uploads\/2021\/11\/foto4-768x513.jpg 768w, http:\/\/centroeducativoalem.com\/novedades\/wp-content\/uploads\/2021\/11\/foto4.jpg 1162w\" sizes=\"(max-width: 640px) 100vw, 640px\" \/><\/a><\/p><p>Desde su mirada, Ramiro Albarrac\u00edn remarc\u00f3:\u201cEs una gran emoci\u00f3n este espacio de comunicaci\u00f3n, que concluy\u00f3 en la firma de este convenio. Desde Tucum\u00e1n estamos avanzando en asociaciones estrat\u00e9gicas para perfeccionar la educaci\u00f3n, creemos que los alumnos son nuestros embajadores y merecen tener la mejor educaci\u00f3n posible a nivel nacional. Ayudar a una persona a conseguir un mejor pasar ya nos llena de orgullo y entendemos que cada regi\u00f3n tiene sus caracter\u00edsticas y no tengo dudas de que la comunidad de Lomas de Zamora va a poder aprovechar de un nivel educativo de primer nivel&#8221;.<\/p>\t\t\t\t\t\t<\/div>\n\t\t\t\t<\/div>\n\t\t\t\t<div class=\"elementor-element elementor-element-8afe8a6 elementor-widget__width-initial elementor-widget elementor-widget-image\" data-id=\"8afe8a6\" data-element_type=\"widget\" data-widget_type=\"image.default\">\n\t\t\t\t<div class=\"elementor-widget-container\">\n\t\t\t<style>\/*! elementor - v3.6.6 - 08-06-2022 *\/\n.elementor-widget-image{text-align:center}.elementor-widget-image a{display:inline-block}.elementor-widget-image a img[src$=\".svg\"]{width:48px}.elementor-widget-image img{vertical-align:middle;display:inline-block}<\/style>\t\t\t\t\t\t\t\t\t\t\t\t\t<a href=\"http:\/\/www.centroeducativoalem.com\/novedades\">\n\t\t\t\t\t\t\t<img decoding=\"async\" width=\"512\" height=\"512\" src=\"http:\/\/centroeducativoalem.com\/novedades\/wp-content\/uploads\/2021\/11\/flecha.png\" class=\"attachment-full size-full\" alt=\"\" loading=\"lazy\" srcset=\"http:\/\/centroeducativoalem.com\/novedades\/wp-content\/uploads\/2021\/11\/flecha.png 512w, http:\/\/centroeducativoalem.com\/novedades\/wp-content\/uploads\/2021\/11\/flecha-300x300.png 300w, http:\/\/centroeducativoalem.com\/novedades\/wp-content\/uploads\/2021\/11\/flecha-150x150.png 150w\" sizes=\"(max-width: 512px) 100vw, 512px\" \/>\t\t\t\t\t\t\t\t<\/a>\n\t\t\t\t\t\t\t\t\t\t\t\t\t\t\t<\/div>\n\t\t\t\t<\/div>\n\t\t\t\t<div class=\"elementor-element elementor-element-afae770 elementor-widget elementor-widget-heading\" data-id=\"afae770\" data-element_type=\"widget\" data-widget_type=\"heading.default\">\n\t\t\t\t<div class=\"elementor-widget-container\">\n\t\t\t<style>\/*! elementor - v3.6.6 - 08-06-2022 *\/\n.elementor-heading-title{padding:0;margin:0;line-height:1}.elementor-widget-heading .elementor-heading-title[class*=elementor-size-]>a{color:inherit;font-size:inherit;line-height:inherit}.elementor-widget-heading .elementor-heading-title.elementor-size-small{font-size:15px}.elementor-widget-heading .elementor-heading-title.elementor-size-medium{font-size:19px}.elementor-widget-heading .elementor-heading-title.elementor-size-large{font-size:29px}.elementor-widget-heading .elementor-heading-title.elementor-size-xl{font-size:39px}.elementor-widget-heading .elementor-heading-title.elementor-size-xxl{font-size:59px}<\/style><div class=\"elementor-heading-title elementor-size-default\"><a href=\"http:\/\/www.centroeducativoalem.com\/novedades\">Volver<\/a><\/div>\t\t<\/div>\n\t\t\t\t<\/div>\n\t\t\t\t\t<\/div>\n\t\t<\/div>\n\t\t\t\t\t\t\t<\/div>\n\t\t<\/section>\n\t\t\t\t\t\t\t<\/div>\n\t\t","protected":false},"excerpt":{"rendered":"<p>El mi\u00e9rcoles 13 a partir de las 19.30, el Centro Educativo Alem y la Universidad de San Pablo de Tucum\u00e1n firmaron un acuerdo para potenciar la calidad educativa virtual de ambas instituciones, en el Teatro Municipal de Lomas de Zamora, lo que significa tambi\u00e9n un gran crecimiento para la comunidad, que mediantes becas parciales y [&hellip;]<\/p>\n","protected":false},"author":2,"featured_media":115,"comment_status":"closed","ping_status":"open","sticky":false,"template":"","format":"standard","meta":[],"categories":[1],"tags":[],"_links":{"self":[{"href":"http:\/\/centroeducativoalem.com\/novedades\/wp-json\/wp\/v2\/posts\/121"}],"collection":[{"href":"http:\/\/centroeducativoalem.com\/novedades\/wp-json\/wp\/v2\/posts"}],"about":[{"href":"http:\/\/centroeducativoalem.com\/novedades\/wp-json\/wp\/v2\/types\/post"}],"author":[{"embeddable":true,"href":"http:\/\/centroeducativoalem.com\/novedades\/wp-json\/wp\/v2\/users\/2"}],"replies":[{"embeddable":true,"href":"http:\/\/centroeducativoalem.com\/novedades\/wp-json\/wp\/v2\/comments?post=121"}],"version-history":[{"count":33,"href":"http:\/\/centroeducativoalem.com\/novedades\/wp-json\/wp\/v2\/posts\/121\/revisions"}],"predecessor-version":[{"id":319,"href":"http:\/\/centroeducativoalem.com\/novedades\/wp-json\/wp\/v2\/posts\/121\/revisions\/319"}],"wp:featuredmedia":[{"embeddable":true,"href":"http:\/\/centroeducativoalem.com\/novedades\/wp-json\/wp\/v2\/media\/115"}],"wp:attachment":[{"href":"http:\/\/centroeducativoalem.com\/novedades\/wp-json\/wp\/v2\/media?parent=121"}],"wp:term":[{"taxonomy":"category","embeddable":true,"href":"http:\/\/centroeducativoalem.com\/novedades\/wp-json\/wp\/v2\/categories?post=121"},{"taxonomy":"post_tag","embeddable":true,"href":"http:\/\/centroeducativoalem.com\/novedades\/wp-json\/wp\/v2\/tags?post=121"}],"curies":[{"name":"wp","href":"https:\/\/api.w.org\/{rel}","templated":true}]}}