{"id":109,"date":"2021-11-02T15:28:09","date_gmt":"2021-11-02T15:28:09","guid":{"rendered":"http:\/\/centroeducativoalem.com\/novedades\/?p=109"},"modified":"2021-11-05T18:34:36","modified_gmt":"2021-11-05T18:34:36","slug":"aseoramiento-profesional-para-los-alumnos-de-energias-renovables","status":"publish","type":"post","link":"http:\/\/centroeducativoalem.com\/novedades\/aseoramiento-profesional-para-los-alumnos-de-energias-renovables\/","title":{"rendered":"ASESORAMIENTO PROFESIONAL PARA LOS ALUMNOS DE ENERG\u00cdAS RENOVABLES"},"content":{"rendered":"\t\t<div data-elementor-type=\"wp-post\" data-elementor-id=\"109\" class=\"elementor elementor-109\">\n\t\t\t\t\t\t\t\t\t<section class=\"elementor-section elementor-top-section elementor-element elementor-element-f07e770 elementor-section-boxed elementor-section-height-default elementor-section-height-default\" data-id=\"f07e770\" data-element_type=\"section\">\n\t\t\t\t\t\t<div class=\"elementor-container elementor-column-gap-default\">\n\t\t\t\t\t<div class=\"elementor-column elementor-col-100 elementor-top-column elementor-element elementor-element-fe879b8\" data-id=\"fe879b8\" data-element_type=\"column\">\n\t\t\t<div class=\"elementor-widget-wrap elementor-element-populated\">\n\t\t\t\t\t\t\t\t<div class=\"elementor-element elementor-element-1fff242 elementor-widget elementor-widget-text-editor\" data-id=\"1fff242\" data-element_type=\"widget\" data-widget_type=\"text-editor.default\">\n\t\t\t\t<div class=\"elementor-widget-container\">\n\t\t\t<style>\/*! elementor - v3.6.6 - 08-06-2022 *\/\n.elementor-widget-text-editor.elementor-drop-cap-view-stacked .elementor-drop-cap{background-color:#818a91;color:#fff}.elementor-widget-text-editor.elementor-drop-cap-view-framed .elementor-drop-cap{color:#818a91;border:3px solid;background-color:transparent}.elementor-widget-text-editor:not(.elementor-drop-cap-view-default) .elementor-drop-cap{margin-top:8px}.elementor-widget-text-editor:not(.elementor-drop-cap-view-default) .elementor-drop-cap-letter{width:1em;height:1em}.elementor-widget-text-editor .elementor-drop-cap{float:left;text-align:center;line-height:1;font-size:50px}.elementor-widget-text-editor .elementor-drop-cap-letter{display:inline-block}<\/style>\t\t\t\t<p>El Centro Educativo Alem contin\u00faa con su objetivo de expandir los beneficios para sus alumnos. Luego del convenio firmado con la Universidad de San Pablo de Tucum\u00e1n, el martes por la tarde cerr\u00f3 un nuevo acuerdo con Brem Energy, una de las empresas de mayor crecimiento en materia de energ\u00eda renovable del pa\u00eds.<\/p><p><a href=\"http:\/\/centroeducativoalem.com\/novedades\/wp-content\/uploads\/2021\/11\/foto1.jpg\"><img decoding=\"async\" loading=\"lazy\" class=\"alignnone wp-image-113 size-full\" src=\"http:\/\/centroeducativoalem.com\/novedades\/wp-content\/uploads\/2021\/11\/foto1.jpg\" alt=\"\" width=\"1175\" height=\"767\" srcset=\"http:\/\/centroeducativoalem.com\/novedades\/wp-content\/uploads\/2021\/11\/foto1.jpg 1175w, http:\/\/centroeducativoalem.com\/novedades\/wp-content\/uploads\/2021\/11\/foto1-300x196.jpg 300w, http:\/\/centroeducativoalem.com\/novedades\/wp-content\/uploads\/2021\/11\/foto1-1024x668.jpg 1024w, http:\/\/centroeducativoalem.com\/novedades\/wp-content\/uploads\/2021\/11\/foto1-768x501.jpg 768w\" sizes=\"(max-width: 1175px) 100vw, 1175px\" \/><\/a><\/p><p>Tras algunas conversaciones con los socios fundadores de Brem Energy, los ingenieros Esteban Modernell y Bautista Renis, se coincidi\u00f3 en la meta de mantener el crecimiento sostenido. Este acuerdo, le permitir\u00e1 a la instituci\u00f3n educativa contar con asesoramiento profesional para los alumnos del curso de energ\u00eda sola fotovoltaica, una de las \u00faltimas incorporaciones a la cartera educativa, a causa del incremento de la salida laboral.<br \/>Dentro de los beneficios a los que podr\u00e1n acceder los alumnos, se otorgar\u00e1 la posibilidad de pasant\u00edas laborales, se los integrar\u00e1 a proyectos zonales y se establecer\u00e1n canales de comunicaci\u00f3n con ingenieros recibidos y con mucha experiencia.<br \/>Brem Energy es una compa\u00f1\u00eda de ingenier\u00eda asentada en el mercado de energ\u00edas renovables, que cuenta con m\u00e1s de 10 a\u00f1os de experiencia al servicio de instalaci\u00f3n, monitoreo y mantenimiento de sistemas solares. Brem se dedica a crear sistemas integrales para la generaci\u00f3n de energ\u00eda el\u00e9ctrica y t\u00e9rmica, utilizando como fuente la energ\u00eda del sol.<br \/>Luego de haber firmado el acuerdo de cooperaci\u00f3n, Esteban Modernell y Bautista Renis expresaron sus sensaciones.<\/p><p><a href=\"http:\/\/centroeducativoalem.com\/novedades\/wp-content\/uploads\/2021\/11\/foto2.jpg\"><img decoding=\"async\" loading=\"lazy\" class=\"alignnone wp-image-114 size-full\" src=\"http:\/\/centroeducativoalem.com\/novedades\/wp-content\/uploads\/2021\/11\/foto2.jpg\" alt=\"\" width=\"984\" height=\"654\" srcset=\"http:\/\/centroeducativoalem.com\/novedades\/wp-content\/uploads\/2021\/11\/foto2.jpg 984w, http:\/\/centroeducativoalem.com\/novedades\/wp-content\/uploads\/2021\/11\/foto2-300x199.jpg 300w, http:\/\/centroeducativoalem.com\/novedades\/wp-content\/uploads\/2021\/11\/foto2-768x510.jpg 768w\" sizes=\"(max-width: 984px) 100vw, 984px\" \/><\/a><\/p><p>En un comienzo, Bautista Renis mencion\u00f3: &#8220;Nos juntamos con la idea de emprender. &#8220;Tenemos un objetivo en com\u00fan, eso notamos en todas las charlas que tuvimos. Ojal\u00e1 el d\u00eda de ma\u00f1ana nosotros podamos armar un instituto educativo de esta magnitud&#8221;.<br \/>A su vez, el colegiado agreg\u00f3: &#8220;Buscamos transmitir el conocimiento de la teor\u00eda y la pr\u00e1ctica. Mucha gente necesita la palabra de la experiencia. Nosotros absorbimos esa experiencia y ahora queremos transmitirlos al resto&#8221;.<br \/>En sinton\u00eda, Esteban Modernell se\u00f1al\u00f3: &#8220;El acercamiento al CEA no lleg\u00f3 de casualidad, sino por causalidad. Uno en el camino que recorre va tomando decisiones y volcarnos a la educaci\u00f3n nos llev\u00f3 a esto. La predisposici\u00f3n y el carisma que tienen nos demuestran que vamos para el mismo lado, por eso es un placer para nosotros&#8221;.<br \/>Adem\u00e1s, cerr\u00f3: &#8220;La idea siempre es capacitarlos y que tambi\u00e9n los trabajadores puedan contribuir. No nos sirve que sepan menos que nosotros, si nos sirve que sepan m\u00e1s, entonces apuntamos a eso&#8221;.<\/p>\t\t\t\t\t\t<\/div>\n\t\t\t\t<\/div>\n\t\t\t\t<div class=\"elementor-element elementor-element-dc4f24c elementor-widget__width-initial elementor-widget elementor-widget-image\" data-id=\"dc4f24c\" data-element_type=\"widget\" data-widget_type=\"image.default\">\n\t\t\t\t<div class=\"elementor-widget-container\">\n\t\t\t<style>\/*! elementor - v3.6.6 - 08-06-2022 *\/\n.elementor-widget-image{text-align:center}.elementor-widget-image a{display:inline-block}.elementor-widget-image a img[src$=\".svg\"]{width:48px}.elementor-widget-image img{vertical-align:middle;display:inline-block}<\/style>\t\t\t\t\t\t\t\t\t\t\t\t\t<a href=\"http:\/\/www.centroeducativoalem.com\/novedades\">\n\t\t\t\t\t\t\t<img decoding=\"async\" width=\"512\" height=\"512\" src=\"http:\/\/centroeducativoalem.com\/novedades\/wp-content\/uploads\/2021\/11\/flecha.png\" class=\"attachment-full size-full\" alt=\"\" loading=\"lazy\" srcset=\"http:\/\/centroeducativoalem.com\/novedades\/wp-content\/uploads\/2021\/11\/flecha.png 512w, http:\/\/centroeducativoalem.com\/novedades\/wp-content\/uploads\/2021\/11\/flecha-300x300.png 300w, http:\/\/centroeducativoalem.com\/novedades\/wp-content\/uploads\/2021\/11\/flecha-150x150.png 150w\" sizes=\"(max-width: 512px) 100vw, 512px\" \/>\t\t\t\t\t\t\t\t<\/a>\n\t\t\t\t\t\t\t\t\t\t\t\t\t\t\t<\/div>\n\t\t\t\t<\/div>\n\t\t\t\t<div class=\"elementor-element elementor-element-3493f19 elementor-widget elementor-widget-heading\" data-id=\"3493f19\" data-element_type=\"widget\" data-widget_type=\"heading.default\">\n\t\t\t\t<div class=\"elementor-widget-container\">\n\t\t\t<style>\/*! elementor - v3.6.6 - 08-06-2022 *\/\n.elementor-heading-title{padding:0;margin:0;line-height:1}.elementor-widget-heading .elementor-heading-title[class*=elementor-size-]>a{color:inherit;font-size:inherit;line-height:inherit}.elementor-widget-heading .elementor-heading-title.elementor-size-small{font-size:15px}.elementor-widget-heading .elementor-heading-title.elementor-size-medium{font-size:19px}.elementor-widget-heading .elementor-heading-title.elementor-size-large{font-size:29px}.elementor-widget-heading .elementor-heading-title.elementor-size-xl{font-size:39px}.elementor-widget-heading .elementor-heading-title.elementor-size-xxl{font-size:59px}<\/style><div class=\"elementor-heading-title elementor-size-default\"><a href=\"http:\/\/www.centroeducativoalem.com\/novedades\">Volver<\/a><\/div>\t\t<\/div>\n\t\t\t\t<\/div>\n\t\t\t\t\t<\/div>\n\t\t<\/div>\n\t\t\t\t\t\t\t<\/div>\n\t\t<\/section>\n\t\t\t\t\t\t\t<\/div>\n\t\t","protected":false},"excerpt":{"rendered":"<p>El Centro Educativo Alem contin\u00faa con su objetivo de expandir los beneficios para sus alumnos. Luego del convenio firmado con la Universidad de San Pablo de Tucum\u00e1n, el martes por la tarde cerr\u00f3 un nuevo acuerdo con Brem Energy, una de las empresas de mayor crecimiento en materia de energ\u00eda renovable del pa\u00eds. Tras algunas [&hellip;]<\/p>\n","protected":false},"author":2,"featured_media":113,"comment_status":"closed","ping_status":"open","sticky":false,"template":"","format":"standard","meta":[],"categories":[1],"tags":[],"_links":{"self":[{"href":"http:\/\/centroeducativoalem.com\/novedades\/wp-json\/wp\/v2\/posts\/109"}],"collection":[{"href":"http:\/\/centroeducativoalem.com\/novedades\/wp-json\/wp\/v2\/posts"}],"about":[{"href":"http:\/\/centroeducativoalem.com\/novedades\/wp-json\/wp\/v2\/types\/post"}],"author":[{"embeddable":true,"href":"http:\/\/centroeducativoalem.com\/novedades\/wp-json\/wp\/v2\/users\/2"}],"replies":[{"embeddable":true,"href":"http:\/\/centroeducativoalem.com\/novedades\/wp-json\/wp\/v2\/comments?post=109"}],"version-history":[{"count":24,"href":"http:\/\/centroeducativoalem.com\/novedades\/wp-json\/wp\/v2\/posts\/109\/revisions"}],"predecessor-version":[{"id":327,"href":"http:\/\/centroeducativoalem.com\/novedades\/wp-json\/wp\/v2\/posts\/109\/revisions\/327"}],"wp:featuredmedia":[{"embeddable":true,"href":"http:\/\/centroeducativoalem.com\/novedades\/wp-json\/wp\/v2\/media\/113"}],"wp:attachment":[{"href":"http:\/\/centroeducativoalem.com\/novedades\/wp-json\/wp\/v2\/media?parent=109"}],"wp:term":[{"taxonomy":"category","embeddable":true,"href":"http:\/\/centroeducativoalem.com\/novedades\/wp-json\/wp\/v2\/categories?post=109"},{"taxonomy":"post_tag","embeddable":true,"href":"http:\/\/centroeducativoalem.com\/novedades\/wp-json\/wp\/v2\/tags?post=109"}],"curies":[{"name":"wp","href":"https:\/\/api.w.org\/{rel}","templated":true}]}}